{"id":580572,"date":"2025-12-05T20:01:18","date_gmt":"2025-12-05T20:01:18","guid":{"rendered":"https:\/\/www.europesays.com\/fr\/580572\/"},"modified":"2025-12-05T20:01:18","modified_gmt":"2025-12-05T20:01:18","slug":"strasbourg-300-enfants-cherchent-leur-pere-noel-au-pied-du-sapin-solidaire","status":"publish","type":"post","link":"https:\/\/www.europesays.com\/fr\/580572\/","title":{"rendered":"Strasbourg. 300 enfants cherchent leur p\u00e8re No\u00ebl au pied du Sapin solidaire"},"content":{"rendered":"<p>La maire de Strasbourg <a href=\"https:\/\/www.dna.fr\/p\/jeanne-barseghian\" target=\"_blank\" rel=\"noopener\">Jeanne Barseghian<\/a> a lanc\u00e9 officiellement ce vendredi soir 5\u00a0d\u00e9cembre la deuxi\u00e8me \u00e9dition de l\u2019op\u00e9ration Sapin Solidaire sur la place Broglie. Sur le parvis de la mairie de quartier (\u00e0 l\u2019angle avec la rue de la Com\u00e9die), des sapins portaient d\u00e9j\u00e0 leurs petites cartes \u00e9crites par des m\u00f4mes de foyers de protection de l\u2019enfance ou r\u00e9sidant dans les appartements intercalaires de la Ville.<\/p>\n<p>Ce contenu est bloqu\u00e9 car vous n&rsquo;avez pas accept\u00e9 les cookies et autres traceurs.<\/p>\n<p>En cliquant sur \u00ab J\u2019accepte \u00bb, les cookies et autres traceurs seront d\u00e9pos\u00e9s et vous pourrez visualiser les contenus  (<a href=\"\" class=\"consentModule_policy\" target=\"_blank\" title=\"Consulter la politique de protection des donn\u00e9es du fournisseur\">plus d&rsquo;informations<\/a>).<\/p>\n<p>En cliquant sur \u00ab J\u2019accepte tous les cookies \u00bb, vous autorisez des d\u00e9p\u00f4ts de cookies et autres traceurs pour le stockage de vos donn\u00e9es sur nos sites et applications \u00e0 des fins de personnalisation et de ciblage publicitaire.<\/p>\n<p class=\"consentModule_secondaryText\">Vous gardez la possibilit\u00e9 de retirer votre consentement \u00e0 tout moment en consultant notre <a href=\"https:\/\/www.dna.fr\/protection-des-donnees\" target=\"_blank\" title=\"Consulter notre politique de protection des donn\u00e9es\" rel=\"noopener\">politique de protection des donn\u00e9es<\/a>. <br \/>&#13;<br \/>\n            <a href=\"https:\/\/www.dna.fr\/social\/2025\/12\/05\/javascript:Didomi.notice.show()\" class=\"consentModule_cmp\" target=\"_blank\" rel=\"noopener\">G\u00e9rer mes choix<\/a>&#13;\n        <\/p>\n<p>&#13;<br \/>\n                        J&rsquo;accepte&#13;<br \/>\n            J&rsquo;accepte tous les cookies&#13;\n        <\/p>\n<p>Chaque carte contient un v\u0153u de cadeau qui attend son donateur ou sa donatrice. Du 6 au 16\u00a0d\u00e9cembre, de midi \u00e0 20\u00a0h, toute personne souhaitant s\u2019associer \u00e0 cette action peut venir d\u00e9crocher une des cartes, acqu\u00e9rir le cadeau correspondant et rapporter celui-ci dans le petit chalet attenant.<\/p>\n<p>110 b\u00e9n\u00e9voles (pas moins) participent \u00e0 cette action et emballeront notamment les cadeaux re\u00e7us pour les confier au p\u00e8re No\u00ebl solidaire.<\/p>\n<p>300 enfants en tout ont \u00e9crit leur petite carte. \u00ab\u00a0Des enfants au parcours marqu\u00e9 par la difficult\u00e9, l\u2019injustice et parfois la violence\u00a0\u00bb, a rappel\u00e9 la maire, en formulant l\u2019espoir que, comme l\u2019an dernier, toutes les demandes soient exauc\u00e9es.<\/p>\n<p>Outre la Ville, Carijou, l\u2019Eseis (Ecole sup\u00e9rieure europ\u00e9enne de l\u2019intervention sociale) et l\u2019association de musique Ballade sont les partenaires de l\u2019op\u00e9ration.<\/p>\n","protected":false},"excerpt":{"rendered":"La maire de Strasbourg Jeanne Barseghian a lanc\u00e9 officiellement ce vendredi soir 5\u00a0d\u00e9cembre la deuxi\u00e8me \u00e9dition de l\u2019op\u00e9ration&hellip;\n","protected":false},"author":2,"featured_media":580573,"comment_status":"","ping_status":"","sticky":false,"template":"","format":"standard","meta":{"footnotes":""},"categories":[2820],"tags":[1111,11,2880,1777,674,107,1011,27,775,12,25,801,640,2879],"class_list":{"0":"post-580572","1":"post","2":"type-post","3":"status-publish","4":"format-standard","5":"has-post-thumbnail","7":"category-strasbourg","8":"tag-actu","9":"tag-actualites","10":"tag-edition-strasbourg","11":"tag-eu","12":"tag-europe","13":"tag-fil-info","14":"tag-fr","15":"tag-france","16":"tag-grand-est","17":"tag-news","18":"tag-republique-francaise","19":"tag-social","20":"tag-strasbourg","21":"tag-strasbourg-ville"},"share_on_mastodon":{"url":"https:\/\/pubeurope.com\/@fr\/115668745286979746","error":""},"_links":{"self":[{"href":"https:\/\/www.europesays.com\/fr\/wp-json\/wp\/v2\/posts\/580572","targetHints":{"allow":["GET"]}}],"collection":[{"href":"https:\/\/www.europesays.com\/fr\/wp-json\/wp\/v2\/posts"}],"about":[{"href":"https:\/\/www.europesays.com\/fr\/wp-json\/wp\/v2\/types\/post"}],"author":[{"embeddable":true,"href":"https:\/\/www.europesays.com\/fr\/wp-json\/wp\/v2\/users\/2"}],"replies":[{"embeddable":true,"href":"https:\/\/www.europesays.com\/fr\/wp-json\/wp\/v2\/comments?post=580572"}],"version-history":[{"count":0,"href":"https:\/\/www.europesays.com\/fr\/wp-json\/wp\/v2\/posts\/580572\/revisions"}],"wp:featuredmedia":[{"embeddable":true,"href":"https:\/\/www.europesays.com\/fr\/wp-json\/wp\/v2\/media\/580573"}],"wp:attachment":[{"href":"https:\/\/www.europesays.com\/fr\/wp-json\/wp\/v2\/media?parent=580572"}],"wp:term":[{"taxonomy":"category","embeddable":true,"href":"https:\/\/www.europesays.com\/fr\/wp-json\/wp\/v2\/categories?post=580572"},{"taxonomy":"post_tag","embeddable":true,"href":"https:\/\/www.europesays.com\/fr\/wp-json\/wp\/v2\/tags?post=580572"}],"curies":[{"name":"wp","href":"https:\/\/api.w.org\/{rel}","templated":true}]}}