{"id":580574,"date":"2025-12-05T20:02:12","date_gmt":"2025-12-05T20:02:12","guid":{"rendered":"https:\/\/www.europesays.com\/fr\/580574\/"},"modified":"2025-12-05T20:02:12","modified_gmt":"2025-12-05T20:02:12","slug":"strasbourg-une-trentaine-dartisans-dart-a-loeuvre-a-saint-pierre-le-vieux","status":"publish","type":"post","link":"https:\/\/www.europesays.com\/fr\/580574\/","title":{"rendered":"Strasbourg. Une trentaine d\u2019artisans d\u2019art \u00e0 l\u2019\u0153uvre \u00e0 Saint-Pierre-le-Vieux"},"content":{"rendered":"<p>Le salon des m\u00e9tiers d\u2019art \u201cMains \u00e0 l\u2019\u0153uvre\u201d se tiendra <a href=\"https:\/\/www.dna.fr\/economie\/2021\/12\/02\/mains-a-l-oeuvre-edition-d-hiver\" target=\"_blank\" rel=\"noopener\">pour la cinqui\u00e8me fois<\/a> \u00e0 l\u2019\u00e9glise Saint-Pierre-le-Vieux ce week-end d\u2019avent.<\/p>\n<p>Avec une s\u00e9lection de 30 professionnels reconnus, aux univers singuliers et pour la plupart \u00e9tablis en Alsace, cette \u00e9dition 2026 promet \u00e0 nouveau au public de belles d\u00e9couvertes dans une ambiance chaleureusement immersive.<\/p>\n<p>Ce contenu est bloqu\u00e9 car vous n&rsquo;avez pas accept\u00e9 les cookies et autres traceurs.<\/p>\n<p>En cliquant sur \u00ab J\u2019accepte \u00bb, les cookies et autres traceurs seront d\u00e9pos\u00e9s et vous pourrez visualiser les contenus  (<a href=\"\" class=\"consentModule_policy\" target=\"_blank\" title=\"Consulter la politique de protection des donn\u00e9es du fournisseur\">plus d&rsquo;informations<\/a>).<\/p>\n<p>En cliquant sur \u00ab J\u2019accepte tous les cookies \u00bb, vous autorisez des d\u00e9p\u00f4ts de cookies et autres traceurs pour le stockage de vos donn\u00e9es sur nos sites et applications \u00e0 des fins de personnalisation et de ciblage publicitaire.<\/p>\n<p class=\"consentModule_secondaryText\">Vous gardez la possibilit\u00e9 de retirer votre consentement \u00e0 tout moment en consultant notre <a href=\"https:\/\/www.dna.fr\/protection-des-donnees\" target=\"_blank\" title=\"Consulter notre politique de protection des donn\u00e9es\" rel=\"noopener\">politique de protection des donn\u00e9es<\/a>. <br \/>&#13;<br \/>\n            <a href=\"https:\/\/www.dna.fr\/culture-loisirs\/2025\/12\/05\/javascript:Didomi.notice.show()\" class=\"consentModule_cmp\" target=\"_blank\" rel=\"noopener\">G\u00e9rer mes choix<\/a>&#13;\n        <\/p>\n<p>&#13;<br \/>\n                        J&rsquo;accepte&#13;<br \/>\n            J&rsquo;accepte tous les cookies&#13;\n        <\/p>\n<p>  Saisir l&rsquo;histoire de chaque objet<\/p>\n<p>On trouvera sur place des pi\u00e8ces uniques de d\u00e9coration, de la c\u00e9ramique, des luminaires, du verre, du textile, des v\u00eatements, bijoux, chaussures, reliures d\u2019art et accessoires. Les stands seront tenus par les cr\u00e9ateurs, mani\u00e8re privil\u00e9gi\u00e9e pour le public de saisir l\u2019histoire se nichant au c\u0153ur de chaque objet sorti de leurs ateliers.<\/p>\n<p>Cet \u00e9v\u00e9nement est l\u2019occasion pour les visiteurs de d\u00e9nicher des cadeaux de No\u00ebl pleins de sens et de soutenir l\u2019artisanat d\u2019art, secteur \u00e9conomique dynamique dans le Grand Est avec 16\u00a0400 entreprises.<\/p>\n<p class=\"note\">Salon des m\u00e9tiers d\u2019art \u201cMains \u00e0 l\u2019\u0153uvre\u201d \u00e0 l\u2019\u00e9glise Saint-Pierre-le-Vieux, place Saint-Pierre-le-Vieux \u00e0 Strasbourg, encore ces samedi\u00a06 et dimanche 7\u00a0d\u00e9cembre de 10\u00a0h \u00e0 19\u00a0h. Entr\u00e9e gratuite.<\/p>\n","protected":false},"excerpt":{"rendered":"Le salon des m\u00e9tiers d\u2019art \u201cMains \u00e0 l\u2019\u0153uvre\u201d se tiendra pour la cinqui\u00e8me fois \u00e0 l\u2019\u00e9glise Saint-Pierre-le-Vieux ce&hellip;\n","protected":false},"author":2,"featured_media":580575,"comment_status":"","ping_status":"","sticky":false,"template":"","format":"standard","meta":{"footnotes":""},"categories":[2820],"tags":[1111,11,1687,2880,1777,674,107,1685,1011,27,775,12,25,640,2879],"class_list":{"0":"post-580574","1":"post","2":"type-post","3":"status-publish","4":"format-standard","5":"has-post-thumbnail","7":"category-strasbourg","8":"tag-actu","9":"tag-actualites","10":"tag-culture-loisirs","11":"tag-edition-strasbourg","12":"tag-eu","13":"tag-europe","14":"tag-fil-info","15":"tag-foire-et-salon","16":"tag-fr","17":"tag-france","18":"tag-grand-est","19":"tag-news","20":"tag-republique-francaise","21":"tag-strasbourg","22":"tag-strasbourg-ville"},"share_on_mastodon":{"url":"https:\/\/pubeurope.com\/@fr\/115668749208495116","error":""},"_links":{"self":[{"href":"https:\/\/www.europesays.com\/fr\/wp-json\/wp\/v2\/posts\/580574","targetHints":{"allow":["GET"]}}],"collection":[{"href":"https:\/\/www.europesays.com\/fr\/wp-json\/wp\/v2\/posts"}],"about":[{"href":"https:\/\/www.europesays.com\/fr\/wp-json\/wp\/v2\/types\/post"}],"author":[{"embeddable":true,"href":"https:\/\/www.europesays.com\/fr\/wp-json\/wp\/v2\/users\/2"}],"replies":[{"embeddable":true,"href":"https:\/\/www.europesays.com\/fr\/wp-json\/wp\/v2\/comments?post=580574"}],"version-history":[{"count":0,"href":"https:\/\/www.europesays.com\/fr\/wp-json\/wp\/v2\/posts\/580574\/revisions"}],"wp:featuredmedia":[{"embeddable":true,"href":"https:\/\/www.europesays.com\/fr\/wp-json\/wp\/v2\/media\/580575"}],"wp:attachment":[{"href":"https:\/\/www.europesays.com\/fr\/wp-json\/wp\/v2\/media?parent=580574"}],"wp:term":[{"taxonomy":"category","embeddable":true,"href":"https:\/\/www.europesays.com\/fr\/wp-json\/wp\/v2\/categories?post=580574"},{"taxonomy":"post_tag","embeddable":true,"href":"https:\/\/www.europesays.com\/fr\/wp-json\/wp\/v2\/tags?post=580574"}],"curies":[{"name":"wp","href":"https:\/\/api.w.org\/{rel}","templated":true}]}}