{"id":580576,"date":"2025-12-05T20:03:10","date_gmt":"2025-12-05T20:03:10","guid":{"rendered":"https:\/\/www.europesays.com\/fr\/580576\/"},"modified":"2025-12-05T20:03:10","modified_gmt":"2025-12-05T20:03:10","slug":"baisse-de-4-ou-hausse-de-14-de-la-taxe-denlevement-des-ordures-menageres-dans-la-metropole-nice-cote-dazur-la-bataille-des-chiffres-expliquee","status":"publish","type":"post","link":"https:\/\/www.europesays.com\/fr\/580576\/","title":{"rendered":"Baisse de 4% ou hausse de 14% de la taxe d\u2019enl\u00e8vement des ordures m\u00e9nag\u00e8res dans la m\u00e9tropole Nice C\u00f4te d\u2019Azur? La bataille des chiffres expliqu\u00e9e"},"content":{"rendered":"<p class=\"fs-5 \">De combien a r\u00e9ellement fluctu\u00e9 la taxe d\u2019enl\u00e8vement des ordures m\u00e9nag\u00e8res (TEOM) dans la M\u00e9tropole ?<\/p>\n<p class=\"fs-5 \">Le pr\u00e9sident, Christian Estrosi, parle d\u2019une baisse du taux de 4 % tandis que l\u2019opposant du groupe \u00e9cologiste, Jean-Christophe Picard avance une hausse de 14 %.<\/p>\n<p class=\"fs-5 \">En cette p\u00e9riode pr\u00e9\u00e9lectorale, il est bon de savoir qui a raison et qui a tort. En r\u00e9alit\u00e9, ce qui diff\u00e9rencie leur approche, c\u2019est l\u2019ann\u00e9e de comparaison.<\/p>\n<p class=\"fs-5 \">Le d\u00e9bat a pris place lors de l\u2019examen du budget de la collectivit\u00e9 pour 2026, vendredi 5 d\u00e9cembre 2025. <\/p>\n<p class=\"fs-5 \">\u00ab Vous \u00e9voquez une stabilit\u00e9 fiscale sans augmentation des taux \u00ab depuis plusieurs ann\u00e9es \u00bb dites-vous. Pourquoi ne pas \u00eatre plus pr\u00e9cis ? Pourquoi ne pas dire depuis trois ans puisqu\u2019<a href=\"https:\/\/www.nicematin.com\/societe\/politique\/la-metropole-de-nice-va-augmenter-la-taxe-poubelle-833178\" target=\"_blank\" rel=\"noopener\">en 2023, vous avez augment\u00e9<\/a> le taux de la TEOM de 24 % ? \u00bb interroge l\u2019\u00e9lu d\u2019opposition.<\/p>\n<p class=\"fs-5 \">Pour bien comprendre, le taux \u00e9tait en 2020 de 8,46 %, et \u00e9tait remont\u00e9 \u00e0 10,46 % en 2023.<\/p>\n<p class=\"fs-5 \">Cette \u00e9l\u00e9vation avait fait bondir les conseillers hors majorit\u00e9 et avait fait l\u2019objet de longs d\u00e9bats encore tr\u00e8s pr\u00e9sents dans les esprits puisqu\u2019ils sont revenus subrepticement dans la discussion chaque ann\u00e9e depuis.<\/p>\n<p>                                                                                Ne pas oublier les bases<\/p>\n<p class=\"fs-5 \">Christian Estrosi ne voit pas les choses de la m\u00eame mani\u00e8re : \u00ab Vous dites que le taux de la TEOM a augment\u00e9 de 24 % or il se trouve qu\u2019il a baiss\u00e9 de 4 %. En 2012, il \u00e9tait de 10,90 % or aujourd\u2019hui, il est de 10,46 %, c\u2019est donc une baisse de 4 %. \u00bb <\/p>\n<p class=\"fs-5 \">Ces chiffres sont aussi bons que ceux pr\u00e9c\u00e9demment cit\u00e9s. Ce qui change donc n\u2019est que l\u2019ann\u00e9e de r\u00e9f\u00e9rence. Par exemple, en 2017, il \u00e9tait au m\u00eame niveau que 5 ans plus t\u00f4t soit \u00e0 10,90 %.<\/p>\n<p class=\"fs-5 \">Chacun peut prendre donc la date qui convient \u00e0 sa d\u00e9monstration. En revanche, pour Val\u00e9rie Delpech, \u00e9lue d\u2019extr\u00eame droite, il manque un \u00e9l\u00e9ment lorsque l\u2019on parle de la fiscalit\u00e9 locale, tous \u00e9l\u00e9ments confondus.<\/p>\n<p class=\"fs-5 \">Elle rel\u00e8ve que \u00ab si les taux sont inchang\u00e9s, les bases ont, elles, augment\u00e9. Votre discours de stabilit\u00e9 masque la progression constante des imp\u00f4ts [pour les contribuables m\u00e9tropolitains] \u00bb. <\/p>\n<p class=\"fs-5 \">Ces deux groupes d\u2019opposition ont vot\u00e9 contre le budget 2026.<\/p>\n","protected":false},"excerpt":{"rendered":"De combien a r\u00e9ellement fluctu\u00e9 la taxe d\u2019enl\u00e8vement des ordures m\u00e9nag\u00e8res (TEOM) dans la M\u00e9tropole ? Le pr\u00e9sident,&hellip;\n","protected":false},"author":2,"featured_media":580577,"comment_status":"","ping_status":"","sticky":false,"template":"","format":"standard","meta":{"footnotes":""},"categories":[2819],"tags":[1111,11,1777,674,1011,27,12,2401,882,25],"class_list":{"0":"post-580576","1":"post","2":"type-post","3":"status-publish","4":"format-standard","5":"has-post-thumbnail","7":"category-nice","8":"tag-actu","9":"tag-actualites","10":"tag-eu","11":"tag-europe","12":"tag-fr","13":"tag-france","14":"tag-news","15":"tag-nice","16":"tag-provence-alpes-cote-dazur","17":"tag-republique-francaise"},"share_on_mastodon":{"url":"https:\/\/pubeurope.com\/@fr\/115668753171401250","error":""},"_links":{"self":[{"href":"https:\/\/www.europesays.com\/fr\/wp-json\/wp\/v2\/posts\/580576","targetHints":{"allow":["GET"]}}],"collection":[{"href":"https:\/\/www.europesays.com\/fr\/wp-json\/wp\/v2\/posts"}],"about":[{"href":"https:\/\/www.europesays.com\/fr\/wp-json\/wp\/v2\/types\/post"}],"author":[{"embeddable":true,"href":"https:\/\/www.europesays.com\/fr\/wp-json\/wp\/v2\/users\/2"}],"replies":[{"embeddable":true,"href":"https:\/\/www.europesays.com\/fr\/wp-json\/wp\/v2\/comments?post=580576"}],"version-history":[{"count":0,"href":"https:\/\/www.europesays.com\/fr\/wp-json\/wp\/v2\/posts\/580576\/revisions"}],"wp:featuredmedia":[{"embeddable":true,"href":"https:\/\/www.europesays.com\/fr\/wp-json\/wp\/v2\/media\/580577"}],"wp:attachment":[{"href":"https:\/\/www.europesays.com\/fr\/wp-json\/wp\/v2\/media?parent=580576"}],"wp:term":[{"taxonomy":"category","embeddable":true,"href":"https:\/\/www.europesays.com\/fr\/wp-json\/wp\/v2\/categories?post=580576"},{"taxonomy":"post_tag","embeddable":true,"href":"https:\/\/www.europesays.com\/fr\/wp-json\/wp\/v2\/tags?post=580576"}],"curies":[{"name":"wp","href":"https:\/\/api.w.org\/{rel}","templated":true}]}}