{"id":580578,"date":"2025-12-05T20:04:17","date_gmt":"2025-12-05T20:04:17","guid":{"rendered":"https:\/\/www.europesays.com\/fr\/580578\/"},"modified":"2025-12-05T20:04:17","modified_gmt":"2025-12-05T20:04:17","slug":"nice-previsions-meteo-du-vendredi-05-decembre-2025","status":"publish","type":"post","link":"https:\/\/www.europesays.com\/fr\/580578\/","title":{"rendered":"Nice : pr\u00e9visions m\u00e9t\u00e9o du vendredi 05 d\u00e9cembre 2025"},"content":{"rendered":"<p>\u00c0 Nice, la journ\u00e9e du vendredi 05 d\u00e9cembre 2025 sera globalement ensoleill\u00e9e avec des temp\u00e9ratures douces autour de 8 \u00e0 13 \u00b0C. Le vent restera mod\u00e9r\u00e9 et aucun risque de pluie n\u2019est attendu, permettant de profiter du calme hivernal.<\/p>\n<p>    Alerte en cours<\/p>\n<p>Le d\u00e9partement des Alpes-Maritimes, incluant Nice, est plac\u00e9 en vigilance <b>Jaune Avalanche<\/b> depuis 06 h 00. Le bulletin officiel fait \u00e9tat de ph\u00e9nom\u00e8nes habituels mais localement dangereux, surtout en altitude.<\/p>\n<ul>\n<li>\u00c9vitez les secteurs hors-piste ou non s\u00e9curis\u00e9s.<\/li>\n<li>Reportez les randonn\u00e9es en montagne.<\/li>\n<li>Restez inform\u00e9 avant tout d\u00e9placement.<\/li>\n<\/ul>\n<p>Pour suivre l\u2019\u00e9volution de la situation en temps r\u00e9el, consultez notre <a href=\"https:\/\/www.meteocity.com\/france\/alertes\" target=\"_blank\" rel=\"noopener\">page d\u00e9di\u00e9e aux alertes m\u00e9t\u00e9orologiques<\/a>.<\/p>\n<p>Matin : ciel limpide au lever du jour<\/p>\n<p>Le soleil s\u2019est lev\u00e9 \u00e0 07 h 49 sur la Baie des Anges, d\u00e9voilant un ciel parfaitement d\u00e9gag\u00e9.<\/p>\n<p>\u00c0 09 h, la station de Nice-centre affiche <b>8 \u00b0C<\/b> pour un ressenti de <b>4 \u00b0C<\/b>. L\u2019air est mod\u00e9r\u00e9ment humide \u00e0 65 %. Une brise de <b>10 km\/h<\/b>, en provenance du nord, att\u00e9nue la sensation de douceur.<\/p>\n<ul>\n<li>Aucune pluie pr\u00e9vue : probabilit\u00e9 0 %, cumul 0 mm.<\/li>\n<li>Pression stable \u00e0 1 006 hPa, signe d\u2019un temps calme.<\/li>\n<\/ul>\n<p>Bonne nouvelle pour les cyclistes et joggeurs : chauss\u00e9es s\u00e8ches et visibilit\u00e9 maximale. Cependant, n\u2019oubliez pas les gants car la fra\u00eecheur matinale se fait sentir.<\/p>\n<p>Apr\u00e8s-midi : douceur ensoleill\u00e9e<\/p>\n<p>Le bleu azur persiste au fil de la journ\u00e9e. \u00c0 15 h, le thermom\u00e8tre grimpe \u00e0 <b>13 \u00b0C<\/b>, ressenti <b>10 \u00b0C<\/b>. L\u2019humidit\u00e9 baisse \u00e0 61 %, tandis que la pression atteint 1 009 hPa.<\/p>\n<p>Le vent change d\u2019orientation et souffle d\u2019ouest-sud-ouest, \u00e0 <b>9 km\/h<\/b>. Les rafales restent discr\u00e8tes, insuffisantes pour perturber terrasses ou march\u00e9s de No\u00ebl.<\/p>\n<p>Pensez \u00e0 vos lunettes de soleil : la lumi\u00e8re est tr\u00e8s franche, mais un manteau reste conseill\u00e9 pour les balades en bord de mer.<\/p>\n<p>Soir : fra\u00eecheur s\u00e8che avant la nuit<\/p>\n<p>Le soleil s\u2019inclinera \u00e0 16 h 54, offrant des teintes corail sur la Promenade des Anglais.<\/p>\n<p>\u00c0 21 h, le ciel demeure clair, la temp\u00e9rature atteint <b>8 \u00b0C<\/b>, ressenti <b>5 \u00b0C<\/b>. L\u2019humidit\u00e9 remonte doucement \u00e0 71 %. Une petite bise de nord \u00e0 <b>9 km\/h<\/b> persiste, sans rafales notables.<\/p>\n<p>Aucune goutte \u00e0 l\u2019horizon : les d\u00e9corations lumineuses brilleront sans menace d\u2019averses. Un pull chaud suffira pour profiter d\u2019une terrasse en soir\u00e9e.<\/p>\n<p>Tendance g\u00e9n\u00e9rale pour le lendemain<\/p>\n<p>Au cours de la nuit du 5 au 6 d\u00e9cembre, les nuages s\u2019installeront progressivement : ciel tr\u00e8s nuageux, mercure \u00e0 <b>7 \u00b0C<\/b>, ressenti <b>4 \u00b0C<\/b>. Vent de nord mod\u00e9r\u00e9 \u00e0 10 km\/h.<\/p>\n<p>Pour vendredi 6, les mod\u00e8les pr\u00e9voient une ambiance couverte mais toujours s\u00e8che : <b>7 \u00b0C<\/b> au lever du jour, <b>13 \u00b0C<\/b> au meilleur. Aucun signal de pluie, vent faible de nord-nord-est.<\/p>\n<ul>\n<li>Temp\u00e9rature minimale pr\u00e9vue : <b>7 \u00b0C<\/b>.<\/li>\n<li>Temp\u00e9rature maximale pr\u00e9vue : <b>13 \u00b0C<\/b>.<\/li>\n<li>Humidit\u00e9 moyenne : 63 %.<\/li>\n<\/ul>\n<p>Le temps restera donc calme, propice aux activit\u00e9s urbaines. Pour organiser vos visites culturelles, consultez <a href=\"https:\/\/www.meteocity.com\/france\/nice-v2990440\/tourisme\" target=\"_blank\" rel=\"noopener\">notre page tourisme<\/a>.<\/p>\n","protected":false},"excerpt":{"rendered":"\u00c0 Nice, la journ\u00e9e du vendredi 05 d\u00e9cembre 2025 sera globalement ensoleill\u00e9e avec des temp\u00e9ratures douces autour de&hellip;\n","protected":false},"author":2,"featured_media":580579,"comment_status":"","ping_status":"","sticky":false,"template":"","format":"standard","meta":{"footnotes":""},"categories":[2819],"tags":[1111,11,1777,674,1011,27,12,2401,882,25],"class_list":{"0":"post-580578","1":"post","2":"type-post","3":"status-publish","4":"format-standard","5":"has-post-thumbnail","7":"category-nice","8":"tag-actu","9":"tag-actualites","10":"tag-eu","11":"tag-europe","12":"tag-fr","13":"tag-france","14":"tag-news","15":"tag-nice","16":"tag-provence-alpes-cote-dazur","17":"tag-republique-francaise"},"share_on_mastodon":{"url":"https:\/\/pubeurope.com\/@fr\/115668757233941116","error":""},"_links":{"self":[{"href":"https:\/\/www.europesays.com\/fr\/wp-json\/wp\/v2\/posts\/580578","targetHints":{"allow":["GET"]}}],"collection":[{"href":"https:\/\/www.europesays.com\/fr\/wp-json\/wp\/v2\/posts"}],"about":[{"href":"https:\/\/www.europesays.com\/fr\/wp-json\/wp\/v2\/types\/post"}],"author":[{"embeddable":true,"href":"https:\/\/www.europesays.com\/fr\/wp-json\/wp\/v2\/users\/2"}],"replies":[{"embeddable":true,"href":"https:\/\/www.europesays.com\/fr\/wp-json\/wp\/v2\/comments?post=580578"}],"version-history":[{"count":0,"href":"https:\/\/www.europesays.com\/fr\/wp-json\/wp\/v2\/posts\/580578\/revisions"}],"wp:featuredmedia":[{"embeddable":true,"href":"https:\/\/www.europesays.com\/fr\/wp-json\/wp\/v2\/media\/580579"}],"wp:attachment":[{"href":"https:\/\/www.europesays.com\/fr\/wp-json\/wp\/v2\/media?parent=580578"}],"wp:term":[{"taxonomy":"category","embeddable":true,"href":"https:\/\/www.europesays.com\/fr\/wp-json\/wp\/v2\/categories?post=580578"},{"taxonomy":"post_tag","embeddable":true,"href":"https:\/\/www.europesays.com\/fr\/wp-json\/wp\/v2\/tags?post=580578"}],"curies":[{"name":"wp","href":"https:\/\/api.w.org\/{rel}","templated":true}]}}