{"id":58058,"date":"2025-04-28T00:52:09","date_gmt":"2025-04-28T00:52:09","guid":{"rendered":"https:\/\/www.europesays.com\/fr\/58058\/"},"modified":"2025-04-28T00:52:09","modified_gmt":"2025-04-28T00:52:09","slug":"27-magasins-ferment-leurs-portes-ce-week-end-la-liste-des-villes-concernees","status":"publish","type":"post","link":"https:\/\/www.europesays.com\/fr\/58058\/","title":{"rendered":"27 magasins ferment leurs portes ce week-end, la liste des villes concern\u00e9es"},"content":{"rendered":"<p>                                        <img width=\"658\" height=\"329\" src=\"https:\/\/www.europesays.com\/fr\/wp-content\/uploads\/2025\/04\/Intermarche-27-magasins-ferment-leurs-portes-ce-26-avril-la-liste-des-villes-concernees-658x329.jpg\" class=\"attachment-single-desktop size-single-desktop wp-post-image\" alt=\"Intermarch\u00e9 : 27 magasins ferment leurs portes ce 26 avril, la liste des villes concern\u00e9es\" fetchpriority=\"high\" loading=\"eager\" decoding=\"sync\"  \/>                                    <\/p>\n<p>                            C&rsquo;est un coup dur pour Intermarch\u00e9 ! Car il va y avoir 27 magasins qui vont fermer leur porte ce week-end !<\/p>\n<p>Le groupe Les Mousquetaires annonce la fermeture de 27 magasins <strong>Intermarch\u00e9<\/strong> ce 26 avril 2025. Mais alors la question se pose, quelles sont donc les raisons de cette d\u00e9cision ? Et quelles sont les <a href=\"https:\/\/www.tuxboard.com\/ce-jour-ou-vous-devez-faire-vos-courses-chez-intermarche-pour-faire-de-belles-economies-07022025\/\" target=\"_blank\" rel=\"noopener\">enseignes<\/a> en question ?<\/p>\n<p>Une d\u00e9cision strat\u00e9gique pour Intermarch\u00e9 ?<\/p>\n<p>Les <a href=\"https:\/\/www.tuxboard.com\/attention-si-vous-avez-achete-ce-poisson-chez-intermarche-il-ne-faut-pas-le-manger-car-il-est-contamine-28022025\/\" target=\"_blank\" rel=\"noopener\">Mousquetaires<\/a> ont pris la d\u00e9cision de fermer 27 magasins <strong>Intermarch\u00e9<\/strong> \u00e0 travers la France. Cette annonce a de quoi choquer. Car depuis des ann\u00e9es, la firme exploite plus de 1\u202f800 magasins en France et \u00e0 l\u2019\u00e9tranger.<\/p>\n<p>Elle a donc r\u00e9alis\u00e9 un chiffre d\u2019affaires de 49,3 milliards d\u2019euros en 2022. Figurez-vous qu\u2019elle a employ\u00e9 pr\u00e8s de 93\u202f000 <a href=\"https:\/\/www.tuxboard.com\/ce-jour-ou-vous-devez-faire-vos-courses-chez-intermarche-pour-faire-de-belles-economies-07022025\/\" target=\"_blank\" rel=\"noopener\">collaborateurs<\/a>. L\u2019enseigne ne se repose pas sur ses lauriers.<\/p>\n<p>Cette ann\u00e9e, elle veut enrichir son r\u00f4le avec le lancement de 350 nouvelles r\u00e9f\u00e9rences. Comme en \u00e9picerie et en droguerie-parfumerie-hygi\u00e8ne. Et ce, tout en renouvelant les <a href=\"https:\/\/www.tuxboard.com\/intermarche-ferme-ce-magasin-qui-se-fait-reprendre-directement-par-leclerc-24022025\/\" target=\"_blank\" rel=\"noopener\">gammes<\/a> et recettes de produits frais et liquides.<\/p>\n<p>Le but est donc d\u2019atteindre 40\u202f% de parts de march\u00e9 pour ses MDD d\u2019ici fin 2026\u2026 Contre 35,3\u202f% \u00e0 ce jour.\u00a0<strong>Intermarch\u00e9\u00a0<\/strong>ne se repose pas de sit\u00f4t ! Elle poursuit ses efforts pour am\u00e9liorer la qualit\u00e9 de ses produits. Ainsi que son impact sur Dame Nature.<\/p>\n<p>L\u2019enseigne veut donc reformuler plus de 6\u202f500 produits d\u2019ici 2025.\u00a0 Pour cela, elle r\u00e9duit les additifs, le sel et le sucre, et en am\u00e9liorant les emballages. Nos confr\u00e8res de LSA-Conso en ont dit plus :<\/p>\n<p>\u00ab\u00a0Sur le plan financier, <strong>Intermarch\u00e9<\/strong> d\u00e9voile donc des performances solides. Ainsi, dans un contexte de restructuration du r\u00e9seau, le groupe souhaite se concentrer sur les enseignes les plus performantes.<\/p>\n<p>H\u00e9las, au total, il va y avoir 25 magasins <strong>Intermarch\u00e9<\/strong> qui vont fermer leurs portes le samedi 26 avril sur les trente annonc\u00e9s par l\u2019enseigne le 3 avril dernier.<\/p>\n<p>Parmi les magasins en question, il y en a de taille modeste. Dans trois d\u2019entre eux, il y a toujours des n\u00e9gociations intensives. Mais alors la question se pose, quels sont les magasins qui ferment ? Il y a celui de Plan-de-Campagne ou de la Riche, pr\u00e8s de Tours.<\/p>\n<p>Ces magasins ferment leurs portes<\/p>\n<p>La carte des fermetures a \u00e9t\u00e9 d\u00e9voil\u00e9e par le groupe Les Mousquetaires.Il y a aussi celui \u00e0 Lyon (place Gabriel P\u00e9ri) et \u00e0 Boissy-Saint-L\u00e9ger.<\/p>\n<p>Ce n\u2019est pas une grande premi\u00e8re ! Car depuis 2024, <strong>Intermarch\u00e9<\/strong> a d\u00fb fermer plein de magasins en France. Et ce, \u00e0 cause de la concurrence des g\u00e9ants du e-commerce et des enseignes bio.<\/p>\n<p>Thierry Cotillard, pr\u00e9sident <strong>d\u2019Intermarch\u00e9<\/strong> a pris la parole pour r\u00e9pondre aux attentes des clients. Il a donc annonc\u00e9 une baisse de prix d\u00e8s le 28 janvier 2025 sur 1\u202f000 produits. Dont 500 grandes marques comme Nutella ou Coca-Cola.<\/p>\n<p>Une tr\u00e8s bonne nouvelle n\u2019est-ce pas ! Les produits seront moins chers. Malgr\u00e9 tout, de nombreux magasins vont fermer leurs portes. Ainsi, ces fermetures ne signent pas un d\u00e9sengagement du march\u00e9.<\/p>\n<p>Au contraire, elles permettent au groupe de mieux se positionner. L\u2019objectif est de renforcer la comp\u00e9titivit\u00e9 <strong>d\u2019Intermarch\u00e9<\/strong>. Les clients peuvent se rassurer, le r\u00e9seau reste dense. Les enseignes qui ont ferm\u00e9 leurs portes repr\u00e9sentaient une faible part du chiffre d\u2019affaires.<\/p>\n<p>Le groupe garde donc le cap sur l\u2019innovation et la qualit\u00e9. Cette d\u00e9cision marque une nouvelle \u00e9tape pour Les Mousquetaires. Elle illustre la n\u00e9cessit\u00e9 de s\u2019adapter en permanence. Car dans un secteur en pleine \u00e9volution, la flexibilit\u00e9 est cl\u00e9.<\/p>\n<p>Les 26 et 27 avril, les rideaux vont donc tomber. Un coup dur pour les personnes qui ont l\u2019habitude de s\u2019y rendre. Mais cette page se tourne pour \u00e9crire la suite. <strong>Intermarch\u00e9<\/strong> reste plus que jamais ancr\u00e9 dans le paysage fran\u00e7ais.<\/p>\n<p>                                    <img loading=\"lazy\" decoding=\"async\" src=\"data:image\/svg+xml,%3Csvg%20xmlns=\" http:=\"\" itemprop=\"image\" width=\"32\" height=\"32\" alt=\"avatar\" class=\"avatar avatar-32\" data-lazy-src=\"https:\/\/www.europesays.com\/fr\/wp-content\/uploads\/2025\/04\/shay-coquelit.jpg\"\/>                                                                    <\/p>\n<p>                                    <a class=\"post-author-name\" href=\"https:\/\/www.tuxboard.com\/author\/shaytuxboard2022\/\" title=\"Shay Coquelit\" itemprop=\"url\" target=\"_blank\" rel=\"noopener\">Shay Coquelit<\/a><\/p>\n<p itemprop=\"description\">Salut, je suis Shay, r\u00e9dactrice web sp\u00e9cialis\u00e9e en actualit\u00e9s people et \u00e9missions t\u00e9l\u00e9.&#13;<br \/>\n&#13;<br \/>\nDepuis toute petite, j&rsquo;adore suivre le festival de Cannes. &#13;<br \/>\n&#13;<br \/>\nDepuis six mois, je r\u00e9dige des articles dans la rubrique People, cin\u00e9ma et m\u00e9dia.  Ma passion pour ces domaines se refl\u00e8te dans chacun de mes articles.&#13;<br \/>\n&#13;<br \/>\nRestez connect\u00e9s sur Tuxboard pour mes derni\u00e8res actualit\u00e9s et analyses !<\/p>\n","protected":false},"excerpt":{"rendered":"C&rsquo;est un coup dur pour Intermarch\u00e9 ! Car il va y avoir 27 magasins qui vont fermer leur&hellip;\n","protected":false},"author":2,"featured_media":58059,"comment_status":"","ping_status":"","sticky":false,"template":"","format":"standard","meta":{"footnotes":""},"categories":[6],"tags":[35,33,34,1011,27,2529],"class_list":{"0":"post-58058","1":"post","2":"type-post","3":"status-publish","4":"format-standard","5":"has-post-thumbnail","7":"category-economie","8":"tag-business","9":"tag-economie","10":"tag-economy","11":"tag-fr","12":"tag-france","13":"tag-intermarche"},"share_on_mastodon":{"url":"https:\/\/pubeurope.com\/@fr\/114412856843713332","error":""},"_links":{"self":[{"href":"https:\/\/www.europesays.com\/fr\/wp-json\/wp\/v2\/posts\/58058","targetHints":{"allow":["GET"]}}],"collection":[{"href":"https:\/\/www.europesays.com\/fr\/wp-json\/wp\/v2\/posts"}],"about":[{"href":"https:\/\/www.europesays.com\/fr\/wp-json\/wp\/v2\/types\/post"}],"author":[{"embeddable":true,"href":"https:\/\/www.europesays.com\/fr\/wp-json\/wp\/v2\/users\/2"}],"replies":[{"embeddable":true,"href":"https:\/\/www.europesays.com\/fr\/wp-json\/wp\/v2\/comments?post=58058"}],"version-history":[{"count":0,"href":"https:\/\/www.europesays.com\/fr\/wp-json\/wp\/v2\/posts\/58058\/revisions"}],"wp:featuredmedia":[{"embeddable":true,"href":"https:\/\/www.europesays.com\/fr\/wp-json\/wp\/v2\/media\/58059"}],"wp:attachment":[{"href":"https:\/\/www.europesays.com\/fr\/wp-json\/wp\/v2\/media?parent=58058"}],"wp:term":[{"taxonomy":"category","embeddable":true,"href":"https:\/\/www.europesays.com\/fr\/wp-json\/wp\/v2\/categories?post=58058"},{"taxonomy":"post_tag","embeddable":true,"href":"https:\/\/www.europesays.com\/fr\/wp-json\/wp\/v2\/tags?post=58058"}],"curies":[{"name":"wp","href":"https:\/\/api.w.org\/{rel}","templated":true}]}}