{"id":580580,"date":"2025-12-05T20:05:17","date_gmt":"2025-12-05T20:05:17","guid":{"rendered":"https:\/\/www.europesays.com\/fr\/580580\/"},"modified":"2025-12-05T20:05:17","modified_gmt":"2025-12-05T20:05:17","slug":"stupefiants-telephones-a-nantes-trois-individus-juges-pour-un-vaste-reseau-de-livraison-par-drones-a-des-detenus","status":"publish","type":"post","link":"https:\/\/www.europesays.com\/fr\/580580\/","title":{"rendered":"Stup\u00e9fiants, t\u00e9l\u00e9phones\u2026 \u00c0 Nantes, trois individus jug\u00e9s pour un vaste r\u00e9seau de livraison par drones \u00e0 des d\u00e9tenus"},"content":{"rendered":"<p>Trois personnes sont jug\u00e9es en comparution imm\u00e9diate ce vendredi devant le tribunal correctionnel de <a href=\"https:\/\/www.20minutes.fr\/nantes\/\" class=\"c-link c-link--is-underlined\" target=\"_blank\" rel=\"noopener\">Nantes<\/a>. Elles sont soup\u00e7onn\u00e9es d\u2019avoir particip\u00e9 \u00e0 des remises illicites d\u2019objets \u00e0 l\u2019aide de drones au centre p\u00e9nitentiaire de Nantes ainsi que dans cinq autres maisons d\u2019arr\u00eat et centres de d\u00e9tention alentours dans le <a href=\"https:\/\/www.20minutes.fr\/dossier\/calvados\" class=\"c-link c-link--is-underlined\" target=\"_blank\" rel=\"noopener\">Calvados<\/a>, en Seine-Maritime, dans la Sarthe, le Maine-et-Loire et dans la Vienne.<\/p>\n<p>En avril, le directeur de l\u2019\u00e9tablissement nantais alertait sur de nombreuses livraisons par drone. Un t\u00e9l\u00e9pilote qui communiquait avec des d\u00e9tenus gr\u00e2ce \u00e0 un compte <a href=\"https:\/\/www.20minutes.fr\/dossier\/snapchat\" class=\"c-link c-link--is-underlined\" target=\"_blank\" rel=\"noopener\">Snapchat<\/a> \u00ab\u00a0\u00e9tait ainsi missionn\u00e9 pour acheminer des t\u00e9l\u00e9phones, des produits stup\u00e9fiants, voire des armes\u00a0\u00bb, pr\u00e9cise le procureur de la R\u00e9publique de Nantes Antoine Leroy. Une enqu\u00eate p\u00e9nale avait \u00e9t\u00e9 ouverte au printemps par le parquet.<\/p>\n<\/p>\n<p>464 survols de drones<\/p>\n<p>\u00ab\u00a0De jour, les colis \u00e9taient largu\u00e9s par drone au-dessus de la promenade et r\u00e9cup\u00e9r\u00e9s directement par les d\u00e9tenus\u00a0\u00bb, explique le procureur. La nuit, des objets \u00e9taient livr\u00e9s dans des chaussettes directement aux fen\u00eatres des cellules. Entre f\u00e9vrier et d\u00e9cembre\u00a02025, 464 survols de drone ont \u00e9t\u00e9 recens\u00e9s. Au sein des \u00e9tablissements, les fouilles ont permis de mettre la main sur \u00ab\u00a0100 t\u00e9l\u00e9phones portables (essentiellement iPhone et mini-t\u00e9l\u00e9phones), 31 cartes SIM\u00a0\u00bb et \u00ab\u00a03\u00a0kg de produits stup\u00e9fiants (cannabis, coca\u00efne, h\u00e9ro\u00efne et amph\u00e9tamines)\u00a0\u00bb, d\u00e9taille Antoine Leroy qui ajoute que onze <a href=\"https:\/\/www.20minutes.fr\/monde\/drone\/\" class=\"c-link c-link--is-underlined\" target=\"_blank\" rel=\"noopener\">drones<\/a> ont \u00e9t\u00e9 \u00ab\u00a0r\u00e9cup\u00e9r\u00e9s lors de livraisons avort\u00e9es\u00a0\u00bb.<\/p>\n<p>Sur cette m\u00eame p\u00e9riode, les mis en cause sont soup\u00e7onn\u00e9s de s\u2019\u00eatre rendus aux abords d\u2019une dizaine de maisons d\u2019arr\u00eat avec des v\u00e9hicules haut de gamme pour livrer quasi quotidiennement \u00ab\u00a0des produits stup\u00e9fiants, des t\u00e9l\u00e9phones portables, des produits high-tech, voire des <a href=\"https:\/\/www.20minutes.fr\/societe\/4181790-20251027-desormais-illegalite-si-detenez-armes-blanches\" class=\"c-link c-link--is-underlined\" target=\"_blank\" rel=\"noopener\">armes blanches<\/a>\u00a0\u00bb.<\/p>\n<p>Perquisitions<\/p>\n<p>Mardi, \u00e0 6\u00a0heures du matin, une op\u00e9ration judiciaire men\u00e9e par la compagnie de Nantes a permis de proc\u00e9der \u00e0 l\u2019interpellation de trois personnes. Au cours de perquisitions effectu\u00e9es dans les domiciles et v\u00e9hicules des accus\u00e9s, les enqu\u00eateurs ont d\u00e9couvert \u00ab\u00a0un drone, trois t\u00e9l\u00e9commandes, des batteries, <a href=\"https:\/\/www.20minutes.fr\/societe\/4185091-20251112-monte-cran-violence-couteaux-ceramique-nouveau-fleau-prisons\" class=\"c-link c-link--is-underlined\" target=\"_blank\" rel=\"noopener\">trois couteaux<\/a>, une mini-lame de scie, des produits stup\u00e9fiants, 12.000 euros en esp\u00e8ce, une arme de poing calibre 45\u00a0mm, 50 cartouches, de tr\u00e8s nombreuses chaussettes garnies de t\u00e9l\u00e9phones portables et de <a href=\"https:\/\/www.20minutes.fr\/societe\/4189591-20251204-cannabis-cocaine-ecstasy-principale-drogue-vendue-france\" class=\"c-link c-link--is-underlined\" target=\"_blank\" rel=\"noopener\">produits stup\u00e9fiants<\/a>, ainsi que des bobines de fil\u00a0\u00bb.<\/p>\n<p>Les accus\u00e9s, deux hommes de 24 et 27 ans et la m\u00e8re de l\u2019un d\u2019eux \u00e2g\u00e9e de 54 ans, seront jug\u00e9s dans l\u2019apr\u00e8s-midi.<\/p>\n","protected":false},"excerpt":{"rendered":"Trois personnes sont jug\u00e9es en comparution imm\u00e9diate ce vendredi devant le tribunal correctionnel de Nantes. Elles sont soup\u00e7onn\u00e9es&hellip;\n","protected":false},"author":2,"featured_media":580581,"comment_status":"","ping_status":"","sticky":false,"template":"","format":"standard","meta":{"footnotes":""},"categories":[2818],"tags":[1111,11,564,1777,674,6944,1011,27,303,3047,766,12,2636,806,1306,25],"class_list":{"0":"post-580580","1":"post","2":"type-post","3":"status-publish","4":"format-standard","5":"has-post-thumbnail","7":"category-nantes","8":"tag-actu","9":"tag-actualites","10":"tag-drone","11":"tag-eu","12":"tag-europe","13":"tag-faits-divers-nantes","14":"tag-fr","15":"tag-france","16":"tag-justice","17":"tag-loire-atlantique","18":"tag-nantes","19":"tag-news","20":"tag-pays-de-la-loire","21":"tag-prison","22":"tag-regions","23":"tag-republique-francaise"},"share_on_mastodon":{"url":"https:\/\/pubeurope.com\/@fr\/115668760970010369","error":""},"_links":{"self":[{"href":"https:\/\/www.europesays.com\/fr\/wp-json\/wp\/v2\/posts\/580580","targetHints":{"allow":["GET"]}}],"collection":[{"href":"https:\/\/www.europesays.com\/fr\/wp-json\/wp\/v2\/posts"}],"about":[{"href":"https:\/\/www.europesays.com\/fr\/wp-json\/wp\/v2\/types\/post"}],"author":[{"embeddable":true,"href":"https:\/\/www.europesays.com\/fr\/wp-json\/wp\/v2\/users\/2"}],"replies":[{"embeddable":true,"href":"https:\/\/www.europesays.com\/fr\/wp-json\/wp\/v2\/comments?post=580580"}],"version-history":[{"count":0,"href":"https:\/\/www.europesays.com\/fr\/wp-json\/wp\/v2\/posts\/580580\/revisions"}],"wp:featuredmedia":[{"embeddable":true,"href":"https:\/\/www.europesays.com\/fr\/wp-json\/wp\/v2\/media\/580581"}],"wp:attachment":[{"href":"https:\/\/www.europesays.com\/fr\/wp-json\/wp\/v2\/media?parent=580580"}],"wp:term":[{"taxonomy":"category","embeddable":true,"href":"https:\/\/www.europesays.com\/fr\/wp-json\/wp\/v2\/categories?post=580580"},{"taxonomy":"post_tag","embeddable":true,"href":"https:\/\/www.europesays.com\/fr\/wp-json\/wp\/v2\/tags?post=580580"}],"curies":[{"name":"wp","href":"https:\/\/api.w.org\/{rel}","templated":true}]}}