{"id":580584,"date":"2025-12-05T20:07:11","date_gmt":"2025-12-05T20:07:11","guid":{"rendered":"https:\/\/www.europesays.com\/fr\/580584\/"},"modified":"2025-12-05T20:07:11","modified_gmt":"2025-12-05T20:07:11","slug":"cette-dette-qui-a-augmente-je-lassume-nous-lassumons-nous-devons-lassumer-collectivement","status":"publish","type":"post","link":"https:\/\/www.europesays.com\/fr\/580584\/","title":{"rendered":"\u00ab\u00a0Cette dette qui a augment\u00e9, je l\u2019assume, nous l\u2019assumons, nous devons l\u2019assumer collectivement\u00a0\u00bb"},"content":{"rendered":"<p>\u00ab\u00a0On est sur une prospection de 550\u00a0millions d\u2019euros par an, souligne V\u00e9ronique Ferreira, vice-pr\u00e9sidente (PS) en charge des finances. L\u2019heure \u00e9tant au bilan, \u00ab\u00a0les engagements sont tenus\u00a0\u00bb, ajoute-t-elle, citant \u00ab\u00a0les mobilit\u00e9s, les sept lignes de bus express, le RER m\u00e9tropolitain, les travaux sur le pont de pierre\u00a0\u00bb, mais aussi \u00ab\u00a0l\u2019habitat, le renouvellement urbain, Euratlantique, le logement social\u00a0\u00bb, les programmes de \u00ab\u00a0transition \u00e9cologique\u00a0\u00bb ou encore \u00ab\u00a0le d\u00e9veloppement \u00e9conomique qu\u2019il ne faut pas mettre de c\u00f4t\u00e9\u00a0\u00bb.<\/p>\n<p>\u00ab\u00a0Aust\u00e9rit\u00e9 impos\u00e9e\u00a0\u00bb<\/p>\n<p>Tout n\u2019est pas rose\u00a0: si des rentr\u00e9es fiscales stables voire en augmentation sont inscrites aux pr\u00e9visions budg\u00e9taires, \u00ab\u00a0toutes ces hausses sont abattues par la baisse des recettes de fonctionnement\u00a0\u00bb. Car la contribution de Bordeaux M\u00e9tropole au redressement des finances de l\u2019\u00c9tat devrait s\u2019\u00e9lever l\u2019an prochain \u00e0 33,5\u00a0millions d\u2019euros, comme en 2025. Soit 67\u00a0millions \u00ab\u00a0sous l\u2019effet cumul\u00e9 des deux lois de finances\u00a0\u00bb. Une \u00ab\u00a0aust\u00e9rit\u00e9 impos\u00e9e\u00a0\u00bb, dixit la d\u00e9lib\u00e9ration, qui p\u00e8se sur les finances de Bordeaux M\u00e9tropole, laquelle peut d\u2019autant moins \u00ab\u00a0d\u00e9sinvestir des mobilit\u00e9s, l\u2019emploi, des \u00e9quipements publics\u00a0\u00bb, etc., que son territoire \u00ab\u00a0accueille chaque ann\u00e9e 10\u00a0000 habitants suppl\u00e9mentaires\u00a0\u00bb.<\/p>\n<p>D\u2019o\u00f9 \u00ab\u00a0la n\u00e9cessit\u00e9 absolue de ma\u00eetrise des d\u00e9penses de fonctionnement\u00a0\u00bb, poursuit V\u00e9ronique Ferreira, qui passe par des charges \u00e0 caract\u00e8re g\u00e9n\u00e9ral \u00ab\u00a0en baisse\u00a0\u00bb, une stabilisation des subventions aux associations et une \u00ab\u00a0ma\u00eetrise de la masse salariale\u00a0\u00bb (352,5\u00a0millions en 2026), d\u2019abord +\u00a02,5\u00a0% en 2026, puis +\u00a01,7\u00a0% par an en 2027-2028\u00a0\u00bb, c\u2019est-\u00e0-dire \u00ab\u00a0pas de cr\u00e9ation nette de postes\u00a0\u00bb. Car en parall\u00e8le, la dette grimpe.<\/p>\n<p>\u00ab\u00a0\u00c9parpillement\u00a0\u00bb du budget<\/p>\n<p>\u00ab\u00a0En 2019, elle \u00e9tait de 889\u00a0millions d\u2019euros. Aujourd\u2019hui, elle a litt\u00e9ralement explos\u00e9 pour atteindre 2,017\u00a0milliards d\u2019euros\u00a0\u00bb, reprend Emmanuel Sallaberry, pour le groupe d\u2019opposition de droite et de centre-droit M\u00e9tropole commune(s). Il attribue \u00ab\u00a0l\u2019aust\u00e9rit\u00e9\u00a0\u00bb du budget \u00e0 venir \u00e0 \u00ab\u00a0une prise de conscience tardive peut-\u00eatre aid\u00e9e par la situation catastrophique du D\u00e9partement\u00a0\u00bb et regrette \u00ab\u00a0l\u2019\u00e9parpillement\u00a0\u00bb du budget.<\/p>\n","protected":false},"excerpt":{"rendered":"\u00ab\u00a0On est sur une prospection de 550\u00a0millions d\u2019euros par an, souligne V\u00e9ronique Ferreira, vice-pr\u00e9sidente (PS) en charge des&hellip;\n","protected":false},"author":2,"featured_media":580585,"comment_status":"","ping_status":"","sticky":false,"template":"","format":"standard","meta":{"footnotes":""},"categories":[2817],"tags":[1111,11,1997,1777,674,1011,27,12,2219,25],"class_list":{"0":"post-580584","1":"post","2":"type-post","3":"status-publish","4":"format-standard","5":"has-post-thumbnail","7":"category-bordeaux","8":"tag-actu","9":"tag-actualites","10":"tag-bordeaux","11":"tag-eu","12":"tag-europe","13":"tag-fr","14":"tag-france","15":"tag-news","16":"tag-nouvelle-aquitaine","17":"tag-republique-francaise"},"share_on_mastodon":{"url":"https:\/\/pubeurope.com\/@fr\/115668768856346676","error":""},"_links":{"self":[{"href":"https:\/\/www.europesays.com\/fr\/wp-json\/wp\/v2\/posts\/580584","targetHints":{"allow":["GET"]}}],"collection":[{"href":"https:\/\/www.europesays.com\/fr\/wp-json\/wp\/v2\/posts"}],"about":[{"href":"https:\/\/www.europesays.com\/fr\/wp-json\/wp\/v2\/types\/post"}],"author":[{"embeddable":true,"href":"https:\/\/www.europesays.com\/fr\/wp-json\/wp\/v2\/users\/2"}],"replies":[{"embeddable":true,"href":"https:\/\/www.europesays.com\/fr\/wp-json\/wp\/v2\/comments?post=580584"}],"version-history":[{"count":0,"href":"https:\/\/www.europesays.com\/fr\/wp-json\/wp\/v2\/posts\/580584\/revisions"}],"wp:featuredmedia":[{"embeddable":true,"href":"https:\/\/www.europesays.com\/fr\/wp-json\/wp\/v2\/media\/580585"}],"wp:attachment":[{"href":"https:\/\/www.europesays.com\/fr\/wp-json\/wp\/v2\/media?parent=580584"}],"wp:term":[{"taxonomy":"category","embeddable":true,"href":"https:\/\/www.europesays.com\/fr\/wp-json\/wp\/v2\/categories?post=580584"},{"taxonomy":"post_tag","embeddable":true,"href":"https:\/\/www.europesays.com\/fr\/wp-json\/wp\/v2\/tags?post=580584"}],"curies":[{"name":"wp","href":"https:\/\/api.w.org\/{rel}","templated":true}]}}