{"id":580586,"date":"2025-12-05T20:08:23","date_gmt":"2025-12-05T20:08:23","guid":{"rendered":"https:\/\/www.europesays.com\/fr\/580586\/"},"modified":"2025-12-05T20:08:23","modified_gmt":"2025-12-05T20:08:23","slug":"la-regie-de-leau-etendue-a-lassainissement-et-aux-eaux-pluviales","status":"publish","type":"post","link":"https:\/\/www.europesays.com\/fr\/580586\/","title":{"rendered":"la R\u00e9gie de l\u2019eau \u00e9tendue \u00e0 l\u2019assainissement et aux eaux pluviales"},"content":{"rendered":"<p>Dans la derni\u00e8re ligne droite du Conseil de Bordeaux M\u00e9tropole de ce vendredi 5\u00a0d\u00e9cembre, c\u2019est une d\u00e9lib\u00e9ration qui a coul\u00e9 de source. Mais pas des moindres\u00a0: en votant \u00e0 une large majorit\u00e9 le passage (au 1er\u00a0janvier) en r\u00e9gie publique de la gestion des eaux pluviales et de l\u2019assainissement collectif, elle acte un choix embl\u00e9matique de la mandature en cours.<\/p>\n","protected":false},"excerpt":{"rendered":"Dans la derni\u00e8re ligne droite du Conseil de Bordeaux M\u00e9tropole de ce vendredi 5\u00a0d\u00e9cembre, c\u2019est une d\u00e9lib\u00e9ration qui&hellip;\n","protected":false},"author":2,"featured_media":580587,"comment_status":"","ping_status":"","sticky":false,"template":"","format":"standard","meta":{"footnotes":""},"categories":[2817],"tags":[1111,11,1997,1777,674,1011,27,12,2219,25],"class_list":{"0":"post-580586","1":"post","2":"type-post","3":"status-publish","4":"format-standard","5":"has-post-thumbnail","7":"category-bordeaux","8":"tag-actu","9":"tag-actualites","10":"tag-bordeaux","11":"tag-eu","12":"tag-europe","13":"tag-fr","14":"tag-france","15":"tag-news","16":"tag-nouvelle-aquitaine","17":"tag-republique-francaise"},"share_on_mastodon":{"url":"https:\/\/pubeurope.com\/@fr\/115668772766309763","error":""},"_links":{"self":[{"href":"https:\/\/www.europesays.com\/fr\/wp-json\/wp\/v2\/posts\/580586","targetHints":{"allow":["GET"]}}],"collection":[{"href":"https:\/\/www.europesays.com\/fr\/wp-json\/wp\/v2\/posts"}],"about":[{"href":"https:\/\/www.europesays.com\/fr\/wp-json\/wp\/v2\/types\/post"}],"author":[{"embeddable":true,"href":"https:\/\/www.europesays.com\/fr\/wp-json\/wp\/v2\/users\/2"}],"replies":[{"embeddable":true,"href":"https:\/\/www.europesays.com\/fr\/wp-json\/wp\/v2\/comments?post=580586"}],"version-history":[{"count":0,"href":"https:\/\/www.europesays.com\/fr\/wp-json\/wp\/v2\/posts\/580586\/revisions"}],"wp:featuredmedia":[{"embeddable":true,"href":"https:\/\/www.europesays.com\/fr\/wp-json\/wp\/v2\/media\/580587"}],"wp:attachment":[{"href":"https:\/\/www.europesays.com\/fr\/wp-json\/wp\/v2\/media?parent=580586"}],"wp:term":[{"taxonomy":"category","embeddable":true,"href":"https:\/\/www.europesays.com\/fr\/wp-json\/wp\/v2\/categories?post=580586"},{"taxonomy":"post_tag","embeddable":true,"href":"https:\/\/www.europesays.com\/fr\/wp-json\/wp\/v2\/tags?post=580586"}],"curies":[{"name":"wp","href":"https:\/\/api.w.org\/{rel}","templated":true}]}}