{"id":580588,"date":"2025-12-05T20:09:16","date_gmt":"2025-12-05T20:09:16","guid":{"rendered":"https:\/\/www.europesays.com\/fr\/580588\/"},"modified":"2025-12-05T20:09:16","modified_gmt":"2025-12-05T20:09:16","slug":"festival-caricature-repas-cassoulet-avec-du-malepere","status":"publish","type":"post","link":"https:\/\/www.europesays.com\/fr\/580588\/","title":{"rendered":"Festival caricature : repas cassoulet avec du Malep\u00e8re"},"content":{"rendered":"<p>Comme le pr\u00e9cise le pr\u00e9sident des Croquignous, Roger Reverdy, l\u2019un des moments important du festival de la caricature et du dessin de presse demeure le repas cassoulet, accompagn\u00e9 du vin de la Malep\u00e8re. Cette ann\u00e9e, pr\u00e8s de 200 convives participaient \u00e0 ce moment convivial, avec la participation des dessinateurs qui ont su animer la soir\u00e9e par leurs dessins, mais aussi leurs chansons et leurs histoires. L\u2019occasion pour Gilles Foussat de remettre le prix de l\u2019AOP Malep\u00e8re au dessinateur Cambon, et pour Dominique S\u00e9m\u00e9nou de remettre le prix de la grande confr\u00e9rie du cassoulet \u00e0 Si\u00e9. Deux prix ont \u00e9t\u00e9 attribu\u00e9s aux dessinateurs : le prix du public \u00e0 Deligne et le prix des Croquignous \u00e0 Million.<\/p>\n","protected":false},"excerpt":{"rendered":"Comme le pr\u00e9cise le pr\u00e9sident des Croquignous, Roger Reverdy, l\u2019un des moments important du festival de la caricature&hellip;\n","protected":false},"author":2,"featured_media":580589,"comment_status":"","ping_status":"","sticky":false,"template":"","format":"standard","meta":{"footnotes":""},"categories":[2816],"tags":[1111,11,4086,45469,872,1777,674,1011,27,69124,12,2680,25,2312],"class_list":{"0":"post-580588","1":"post","2":"type-post","3":"status-publish","4":"format-standard","5":"has-post-thumbnail","7":"category-toulouse","8":"tag-actu","9":"tag-actualites","10":"tag-aude","11":"tag-castelnaudary","12":"tag-culture-et-loisirs","13":"tag-eu","14":"tag-europe","15":"tag-fr","16":"tag-france","17":"tag-fu00eates-et-festivals","18":"tag-news","19":"tag-occitanie","20":"tag-republique-francaise","21":"tag-toulouse"},"share_on_mastodon":{"url":"https:\/\/pubeurope.com\/@fr\/115668776656367997","error":""},"_links":{"self":[{"href":"https:\/\/www.europesays.com\/fr\/wp-json\/wp\/v2\/posts\/580588","targetHints":{"allow":["GET"]}}],"collection":[{"href":"https:\/\/www.europesays.com\/fr\/wp-json\/wp\/v2\/posts"}],"about":[{"href":"https:\/\/www.europesays.com\/fr\/wp-json\/wp\/v2\/types\/post"}],"author":[{"embeddable":true,"href":"https:\/\/www.europesays.com\/fr\/wp-json\/wp\/v2\/users\/2"}],"replies":[{"embeddable":true,"href":"https:\/\/www.europesays.com\/fr\/wp-json\/wp\/v2\/comments?post=580588"}],"version-history":[{"count":0,"href":"https:\/\/www.europesays.com\/fr\/wp-json\/wp\/v2\/posts\/580588\/revisions"}],"wp:featuredmedia":[{"embeddable":true,"href":"https:\/\/www.europesays.com\/fr\/wp-json\/wp\/v2\/media\/580589"}],"wp:attachment":[{"href":"https:\/\/www.europesays.com\/fr\/wp-json\/wp\/v2\/media?parent=580588"}],"wp:term":[{"taxonomy":"category","embeddable":true,"href":"https:\/\/www.europesays.com\/fr\/wp-json\/wp\/v2\/categories?post=580588"},{"taxonomy":"post_tag","embeddable":true,"href":"https:\/\/www.europesays.com\/fr\/wp-json\/wp\/v2\/tags?post=580588"}],"curies":[{"name":"wp","href":"https:\/\/api.w.org\/{rel}","templated":true}]}}