{"id":580593,"date":"2025-12-05T20:12:24","date_gmt":"2025-12-05T20:12:24","guid":{"rendered":"https:\/\/www.europesays.com\/fr\/580593\/"},"modified":"2025-12-05T20:12:24","modified_gmt":"2025-12-05T20:12:24","slug":"direct-lille-marseille-suivez-le-match","status":"publish","type":"post","link":"https:\/\/www.europesays.com\/fr\/580593\/","title":{"rendered":"DIRECT. Lille &#8211; Marseille\u00a0: suivez le match"},"content":{"rendered":"<p>                    <a title=\"\" href=\"https:\/\/www.europesays.com\/fr\/wp-content\/uploads\/2025\/12\/83483254.jpg\" class=\"fancy\"><\/p>\n<p>                            <img loading=\"lazy\" decoding=\"async\" src=\"https:\/\/www.europesays.com\/fr\/wp-content\/uploads\/2025\/12\/83483254.jpg\" alt=\"DIRECT. Lille - Marseille\u00a0: suivez le match\" width=\"1500\" height=\"1000\"\/><\/p>\n<p>                    <\/a><\/p>\n<p>                Les deux \u00e9quipes les plus prolifiques de Ligue 1\u00a0s&rsquo;affrontent ce vendredi soir. Marseille se rend au Stade Pierre-Mauroy, pour y d\u00e9fier Lille lors de la 15\u00e8me journ\u00e9e de Ligue 1.<\/p>\n<p><a name=\"post1764965426\"\/>21:10 &#8211; 10&prime; &#8211; MAGNIFIQUE BIJOU DE MBAPPE (1-0)<\/p>\n<p>Superbe r\u00e9alisation d&rsquo;Ethan Mbapp\u00e9, qui ouvre le score apr\u00e8s une sortie hasardeuse de Rulli, qui est parti \u00e0 l&rsquo;aventure. A noter la magnifique transversale de Bentaleb pour l&rsquo;attaquant lillois, qui r\u00e9ussit un magnifique contr\u00f4le avant de tromper le portier argentin (1-0)<\/p>\n<p><a name=\"post1764965271\"\/>21:07 &#8211; 7&prime; &#8211; Un milieu tr\u00e8s dense<\/p>\n<p>Les deux \u00e9quipes sont en phase d&rsquo;observation avec peu d&rsquo;espaces entre les lignes et un entre-jeu tr\u00e8s palpable<\/p>\n<p><a name=\"post1764965122\"\/>21:05 &#8211; 4&prime; &#8211; Bonne d\u00e9fense de Mbapp\u00e9<\/p>\n<p>Alors que Paixao se feaufilait dans l&rsquo;axe \u00e0 l&rsquo;entr\u00e9e de la surface, Mbapp\u00e9 parvient \u00e0 intercepter le ballon en revenant comme un mort de faim de la zone offensive<\/p>\n<p><a name=\"post1764964944\"\/>21:02 &#8211; 2&prime; &#8211; Tacle \u00e0 la limite d&rsquo;Andr\u00e9<\/p>\n<p>Gros tacle appuy\u00e9 de Benjamin Andr\u00e9 sur Emerson, l&rsquo;arbitre ne broche pas et le jeu continue<\/p>\n<p><a name=\"post1764964851\"\/>21:00 &#8211; C&rsquo;est parti !<\/p>\n<p>Le coup d&rsquo;envoi de ce LOSC &#8211; <a href=\"https:\/\/www.linternaute.fr\/sport\/foot\/competitions\/olympique-marseille\/\" title=\"Olympique Marseille\" target=\"_blank\" rel=\"noopener\">OM<\/a> est donn\u00e9 !<\/p>\n<p><a name=\"post1764964620\"\/>20:57 &#8211; Entr\u00e9e des joueurs !<\/p>\n<p>Les joueurs des deux \u00e9quipes font leur apparition sur le terrain dans une tr\u00e8s belle ambiance au stade Pierre Mauroy sous un toit ferm\u00e9<\/p>\n<p><a name=\"post1764964524\"\/>20:55 &#8211; L&rsquo;arbitre de la rencontre<\/p>\n<p>C&rsquo;est J\u00e9r\u00f4me Brisard qui sera ce soir l&rsquo;arbitre de la rencontre le LOSC et l&rsquo;OM<\/p>\n<p><a name=\"post1764964244\"\/>20:50 &#8211; Bouaddi prolonge avec le LOSC<\/p>\n<p>Suspendu pour ce choc face \u00e0 l&rsquo;OM, Ayoub Bouaddi a prolong\u00e9 avec le LOSC jusqu&rsquo;en 2029. Il est pr\u00e9sent\u00e9 au public sous les applaudissements<\/p>\n<p><a name=\"post1764964041\"\/>20:47 &#8211; Premi\u00e8re titularisation de Ethan Mbapp\u00e9<\/p>\n<p>C&rsquo;est la surprise du chef. Ethan Mbapp\u00e9 sera titulaire au milieu de terrain du LOSC aux c\u00f4t\u00e9s de Haraldsson, Andr\u00e9, Bentaleb et Sahraoui. Jusque-l\u00e0 l&rsquo;ancien parisien n&rsquo;a disput\u00e9 que 61 minutes cette saison, toutes en tant que rempla\u00e7ant<\/p>\n<p><a name=\"post1764963691\"\/>20:41 &#8211; J&rsquo;ai d\u00fb faire des choix<\/p>\n<p>Bruno G\u00e9n\u00e9sio a donn\u00e9 quelques explications sur certains choix \u00e9tonnants dans le onze entrant comme l&rsquo;absence de Olivier Giroud \u00ab\u00a0J&rsquo;ai la chance d&rsquo;avoir un groupe tr\u00e8s \u00e9toff\u00e9. J&rsquo;ai d\u00fb faire certains choix qui ne sont pas faciles. Il y aura aussi ceux qui vont rentrer apr\u00e8s et on aura besoin d&rsquo;eux. Il y aura diff\u00e9rentes phases de jeu, des phases o\u00f9 on doit aller chercher tr\u00e8s haut et d&rsquo;autres o\u00f9 on doit \u00eatre patients.\u00a0\u00bb<\/p>\n<p><a name=\"post1764963240\"\/>20:34 &#8211; L&rsquo;OM r\u00e9ussit bien aux Lillois<\/p>\n<p>Sur les six derni\u00e8res rencontres entre Lille et l&rsquo;OM (5 en <a href=\"https:\/\/www.linternaute.com\/sport\/competitions\/8420771-ligue-1-l-om-et-paris-pietinent-lens-prend-la-tete-resultats-et-classement\/\" title=\"Championnat de France de football\" target=\"_blank\" rel=\"noopener\">Ligue 1<\/a> et une Coupe de France), le LOSC ne s&rsquo;est jamais inclin\u00e9 (2 victoires, 4 nuls)<\/p>\n<p><a name=\"post1764962840\"\/>20:27 &#8211; De Zerbi fait confiance aux m\u00eames hommes<\/p>\n<p>Roberto De Zerbi a reconduit son trident offensif en attaque Greenwood, Paixao, Aubameyang, alors que Vermeeren sera titulaire au milieu de terrain. Le onze phoc\u00e9en est comme suit : Rulli &#8211; Emerson, Balerdi, Aguerd, Pavard &#8211; Weah, Vermeeren, Kondogbia &#8211; Greenwood, Paixao, Aubameyang<\/p>\n<blockquote class=\"twitter-tweet\"><p>&#13;<\/p>\n<p dir=\"ltr\" lang=\"fr\">???????????????????? <a href=\"https:\/\/twitter.com\/hashtag\/LOSCOM?src=hash&amp;ref_src=twsrc%5Etfw\" target=\"_blank\" rel=\"noopener\">#LOSCOM<\/a> \u2694\ufe0f<\/p>\n<p>Le 1\ufe0f\u20e31\ufe0f\u20e3 de d\u00e9part choisi par notre ???????????????????? ???????????????????????????? ???????? ???????????????????? ???????? pour la 15\u00e8me journ\u00e9e de <a href=\"https:\/\/twitter.com\/Ligue1?ref_src=twsrc%5Etfw\" target=\"_blank\" rel=\"noopener\">@Ligue1<\/a> \u26a1\ufe0f<br \/>&#13;<br \/>\nCoup d&rsquo;envoi \u00e0 21 heures <a href=\"https:\/\/t.co\/G3O1lytfZw\">pic.twitter.com\/G3O1lytfZw<\/a><\/p>\n<p>&#13;<br \/>\n\u2014 Olympique de Marseille (@OM_Officiel) <a href=\"https:\/\/twitter.com\/OM_Officiel\/status\/1997021678954549612?ref_src=twsrc%5Etfw\" target=\"_blank\" rel=\"noopener\">December 5, 2025<\/a><\/p><\/blockquote>\n<p>&#13;<\/p>\n<p><a name=\"post1764962382\"\/>20:19 &#8211; Igamane pr\u00e9f\u00e9r\u00e9 \u00e0 Giroud<\/p>\n<p>Grosse surprise dans la compo lilloise avec Hamza Igamane pr\u00e9f\u00e9r\u00e9 \u00e0 Oliver Giroud \u00e0 la pointe de l&rsquo;attaque. Au milieu, Benjamin Andr\u00e9 f\u00eatera sonr 450e match en Ligue 1. Le onze des Dogues est comme suit : Ozer &#8211; Meunier, Mandi, Ngoy, Perraud &#8211; Bentaleb, Andr\u00e9, Sahraoui, Haraldsson &#8211; Mbapp\u00e9, Igamane<\/p>\n<p><a name=\"post1764961973\"\/>20:12 &#8211; Mbemba rempla\u00e7ant<\/p>\n<p>Plus de 18 mois apr\u00e8s avoir jou\u00e9 son dernier match avec l&rsquo;OM, le d\u00e9fenseur Chancel Mbemba retrouve le club phoc\u00e9en en tant qu&rsquo;adversaire. Le congolais commencera cependant le match sur le banc<\/p>\n<blockquote class=\"twitter-tweet\"><p>&#13;<\/p>\n<p dir=\"ltr\" lang=\"fr\">???????? ???????????????????? ????????????\u0301???????????????? ???????????????? ???????????? ???????? ???????????????? ????<\/p>\n<p>Chancel Mbemba retrouvera l&rsquo;OM tandis que 4 Marseillais retrouveront le LOSC ????????<\/p>\n<p>\u2935\ufe0f <a href=\"https:\/\/twitter.com\/hashtag\/LOSCOM?src=hash&amp;ref_src=twsrc%5Etfw\" target=\"_blank\" rel=\"noopener\">#LOSCOM<\/a> <a href=\"https:\/\/t.co\/vEI7hTdSE8\">pic.twitter.com\/vEI7hTdSE8<\/a><\/p>\n<p>&#13;<br \/>\n\u2014 LOSC (@losclive) <a href=\"https:\/\/twitter.com\/losclive\/status\/1996957187336208506?ref_src=twsrc%5Etfw\" target=\"_blank\" rel=\"noopener\">December 5, 2025<\/a><\/p><\/blockquote>\n<p>&#13;<br \/>\n<a name=\"post1764961620\"\/>20:07 &#8211; Sur quelle cha\u00eene TV est diffus\u00e9 Lille &#8211; Marseille ?<\/p>\n<p>La rencontre sera diffus\u00e9e sur la cha\u00eene Bein Sports 1.\u00a0Pour visionner le match en streaming, il faut se rendre sur la plateforme Bein Connect.<\/p>\n<p><a name=\"post1764960928\"\/>19:55 &#8211; Bonsoir \u00e0 tous et \u00e0 toutes !<\/p>\n<p>Bienvenue sur notre site ! Lille accueille l&rsquo;Olympique de Marseille en ouverture de la 15\u00e8me journ\u00e9e de Ligue 1, une rencontre que nous allons suivre ensemble avec vous. D\u00e9but de match \u00e0 21h<\/p>\n<p><script async src=\"https:\/\/platform.twitter.com\/widgets.js\" charset=\"utf-8\"><\/script><\/p>\n","protected":false},"excerpt":{"rendered":"Les deux \u00e9quipes les plus prolifiques de Ligue 1\u00a0s&rsquo;affrontent ce vendredi soir. Marseille se rend au Stade Pierre-Mauroy,&hellip;\n","protected":false},"author":2,"featured_media":580594,"comment_status":"","ping_status":"","sticky":false,"template":"","format":"standard","meta":{"footnotes":""},"categories":[2815],"tags":[1111,11,69455,51761,1777,674,2257,51763,1011,27,811,66,1307,12,46979,51767,25],"class_list":{"0":"post-580593","1":"post","2":"type-post","3":"status-publish","4":"format-standard","5":"has-post-thumbnail","7":"category-lille","8":"tag-actu","9":"tag-actualites","10":"tag-cms-linternaute-9373087","11":"tag-controller-content","12":"tag-eu","13":"tag-europe","14":"tag-foot","15":"tag-format-papier","16":"tag-fr","17":"tag-france","18":"tag-hauts-de-france","19":"tag-ligue-1","20":"tag-lille","21":"tag-news","22":"tag-olympique-marseille","23":"tag-parallaxeinfeed","24":"tag-republique-francaise"},"share_on_mastodon":{"url":"https:\/\/pubeurope.com\/@fr\/115668788590357899","error":""},"_links":{"self":[{"href":"https:\/\/www.europesays.com\/fr\/wp-json\/wp\/v2\/posts\/580593","targetHints":{"allow":["GET"]}}],"collection":[{"href":"https:\/\/www.europesays.com\/fr\/wp-json\/wp\/v2\/posts"}],"about":[{"href":"https:\/\/www.europesays.com\/fr\/wp-json\/wp\/v2\/types\/post"}],"author":[{"embeddable":true,"href":"https:\/\/www.europesays.com\/fr\/wp-json\/wp\/v2\/users\/2"}],"replies":[{"embeddable":true,"href":"https:\/\/www.europesays.com\/fr\/wp-json\/wp\/v2\/comments?post=580593"}],"version-history":[{"count":0,"href":"https:\/\/www.europesays.com\/fr\/wp-json\/wp\/v2\/posts\/580593\/revisions"}],"wp:featuredmedia":[{"embeddable":true,"href":"https:\/\/www.europesays.com\/fr\/wp-json\/wp\/v2\/media\/580594"}],"wp:attachment":[{"href":"https:\/\/www.europesays.com\/fr\/wp-json\/wp\/v2\/media?parent=580593"}],"wp:term":[{"taxonomy":"category","embeddable":true,"href":"https:\/\/www.europesays.com\/fr\/wp-json\/wp\/v2\/categories?post=580593"},{"taxonomy":"post_tag","embeddable":true,"href":"https:\/\/www.europesays.com\/fr\/wp-json\/wp\/v2\/tags?post=580593"}],"curies":[{"name":"wp","href":"https:\/\/api.w.org\/{rel}","templated":true}]}}