{"id":580595,"date":"2025-12-05T20:13:16","date_gmt":"2025-12-05T20:13:16","guid":{"rendered":"https:\/\/www.europesays.com\/fr\/580595\/"},"modified":"2025-12-05T20:13:16","modified_gmt":"2025-12-05T20:13:16","slug":"jusqua-huit-ans-de-prison-ferme-pour-quarante-coups-de-couteau-filmes-sur-fond-de-stups-a-marseille","status":"publish","type":"post","link":"https:\/\/www.europesays.com\/fr\/580595\/","title":{"rendered":"Jusqu&rsquo;\u00e0 huit ans de prison ferme pour quarante coups de couteau film\u00e9s sur fond de stups \u00e0 Marseille"},"content":{"rendered":"<p>Une quarantaine de coups de couteau, douze heures de lynchage \u00e0 coups de poing, de pieds, de b\u00e2ton, de crosse, des humiliations. Le tout commis par plusieurs hommes, dont des mineurs, et film\u00e9 \u00e0 l\u2019iPhone pour rendre compte \u00e0 un commanditaire incarc\u00e9r\u00e9. \u00ab\u00a0Un dossier assez banal\u00a0\u00bb, pointe la procureure, tant il est symptomatique de la violence ordinaire qui fait loi au sein des r\u00e9seaux de trafic de stup\u00e9fiants marseillais. Ce qui l\u2019est moins en revanche, c\u2019est la victime. Pas son profil de jeune d\u00e9linquant, pas ses s\u00e9quelles physiques et psychologiques, mais son t\u00e9moignage, port\u00e9 \u00e0 la connaissance des policiers lors d\u2019un d\u00e9p\u00f4t de plainte, le lendemain des faits.<\/p>\n<p>Le calvaire de Driss*, a commenc\u00e9 le 31\u00a0juillet\u00a02023 en d\u00e9but d\u2019apr\u00e8s-midi et s\u2019est poursuivi dans la nuit, jusqu\u2019aux alentours de deux heures en diff\u00e9rents points de<a href=\"https:\/\/www.laprovence.com\/article\/faits-divers-justice\/2933256773550414\/un-homme-blesse-par-balle-quartier-de-la-bricarde-a-marseille\" target=\"_blank\" rel=\"noopener\"> la cit\u00e9 de la Bricarde, \u00e0 Marseille<\/a>. Alors \u00e2g\u00e9 de 20\u00a0ans, il \u00e9tait venu \u00ab\u00a0jobber\u00a0\u00bb sur le plan stups du 15e arrondissement, attir\u00e9 par l\u2019argent facile promis par un monde dont il connaissait les risques et les codes.<\/p>\n<p>\u00ab\u00a0J\u2019ai vol\u00e9 un sac de stup\u00e9fiants et j\u2019ai essay\u00e9 de le revendre\u00a0\u00bb, raconte la victime, entendue en visioconf\u00e9rence par le tribunal en raison de son incarc\u00e9&#8230;<\/p>\n","protected":false},"excerpt":{"rendered":"Une quarantaine de coups de couteau, douze heures de lynchage \u00e0 coups de poing, de pieds, de b\u00e2ton,&hellip;\n","protected":false},"author":2,"featured_media":580596,"comment_status":"","ping_status":"","sticky":false,"template":"","format":"standard","meta":{"footnotes":""},"categories":[2814],"tags":[17,1111,11,1764,1777,674,274,9095,1011,27,38095,12333,884,12,471,806,882,69456,25],"class_list":{"0":"post-580595","1":"post","2":"type-post","3":"status-publish","4":"format-standard","5":"has-post-thumbnail","7":"category-marseille","8":"tag-17","9":"tag-actu","10":"tag-actualites","11":"tag-ans","12":"tag-eu","13":"tag-europe","14":"tag-faits-divers-justice","15":"tag-ferme","16":"tag-fr","17":"tag-france","18":"tag-huit","19":"tag-jusqua","20":"tag-marseille","21":"tag-news","22":"tag-pour","23":"tag-prison","24":"tag-provence-alpes-cote-dazur","25":"tag-quarante","26":"tag-republique-francaise"},"share_on_mastodon":{"url":"https:\/\/pubeurope.com\/@fr\/115668792507876531","error":""},"_links":{"self":[{"href":"https:\/\/www.europesays.com\/fr\/wp-json\/wp\/v2\/posts\/580595","targetHints":{"allow":["GET"]}}],"collection":[{"href":"https:\/\/www.europesays.com\/fr\/wp-json\/wp\/v2\/posts"}],"about":[{"href":"https:\/\/www.europesays.com\/fr\/wp-json\/wp\/v2\/types\/post"}],"author":[{"embeddable":true,"href":"https:\/\/www.europesays.com\/fr\/wp-json\/wp\/v2\/users\/2"}],"replies":[{"embeddable":true,"href":"https:\/\/www.europesays.com\/fr\/wp-json\/wp\/v2\/comments?post=580595"}],"version-history":[{"count":0,"href":"https:\/\/www.europesays.com\/fr\/wp-json\/wp\/v2\/posts\/580595\/revisions"}],"wp:featuredmedia":[{"embeddable":true,"href":"https:\/\/www.europesays.com\/fr\/wp-json\/wp\/v2\/media\/580596"}],"wp:attachment":[{"href":"https:\/\/www.europesays.com\/fr\/wp-json\/wp\/v2\/media?parent=580595"}],"wp:term":[{"taxonomy":"category","embeddable":true,"href":"https:\/\/www.europesays.com\/fr\/wp-json\/wp\/v2\/categories?post=580595"},{"taxonomy":"post_tag","embeddable":true,"href":"https:\/\/www.europesays.com\/fr\/wp-json\/wp\/v2\/tags?post=580595"}],"curies":[{"name":"wp","href":"https:\/\/api.w.org\/{rel}","templated":true}]}}