{"id":580597,"date":"2025-12-05T20:14:15","date_gmt":"2025-12-05T20:14:15","guid":{"rendered":"https:\/\/www.europesays.com\/fr\/580597\/"},"modified":"2025-12-05T20:14:15","modified_gmt":"2025-12-05T20:14:15","slug":"benoit-payan-devant-le-rn-menace-martine-vassal","status":"publish","type":"post","link":"https:\/\/www.europesays.com\/fr\/580597\/","title":{"rendered":"Beno\u00eet Payan devant, le RN menace Martine Vassal"},"content":{"rendered":"<p>                    Par<br \/>\n        <strong><br \/>\n            <a href=\"https:\/\/actu.fr\/auteur\/fabien-binacchi\" title=\"Consulter tous les articles de Fabien Binacchi\" target=\"_blank\" rel=\"noopener\">Fabien Binacchi<\/a><br \/>\n                    <\/strong><\/p>\n<p>        Publi\u00e9 le<\/p>\n<p>            5 d\u00e9c. 2025 \u00e0 20h37        <\/p>\n<p>Toujours dans un mouchoir de poche. Au coude \u00e0 coude avec le candidat du Rassemblement national d\u2019apr\u00e8s <a href=\"https:\/\/actu.fr\/provence-alpes-cote-d-azur\/marseille_13055\/seisme-a-marseille-un-sondage-place-le-rn-en-tete-au-premier-tour-des-municipales-en-2026_63416381.html\" target=\"_blank\" rel=\"noopener\">une pr\u00e9c\u00e9dente enqu\u00eate d\u2019opinion,<\/a> le maire de <a href=\"https:\/\/actu.fr\/marseille\/\" target=\"_blank\" rel=\"noopener\">Marseille<\/a> <a href=\"https:\/\/actu.fr\/tag\/benoit-payan\" target=\"_blank\" rel=\"noopener\">Beno\u00eet Payan<\/a> (DVG) <strong>m\u00e8ne \u00e0 nouveau le premier tour des prochaines \u00e9lections municipales d\u2019une courte t\u00eate,<\/strong> selon le dernier sondage Ifop-Fiducial pour <a href=\"https:\/\/www.laprovence.com\/article\/elections\/59597469364786\/municipales-2026-a-marseille-payan-en-tete-vassal-et-allisio-a-laffut-notre-sondage-exclusif-a-100-jours-du-scrutin\" target=\"_blank\" rel=\"noopener\">La Provence<\/a> et Sud Radio, publi\u00e9 ce vendredi 5\u00a0d\u00e9cembre 2025.<\/p>\n<p class=\" wall-content\">Pas encore candidat, le sortant est cr\u00e9dit\u00e9 de 30% des intentions de vote, mais tout reste ouvert. Franck Allisio (RN) et Martine Vassal (DVD), la pr\u00e9sidente de la m\u00e9tropole et du d\u00e9partement des Bouches-du-Rh\u00f4ne sont en embuscade <strong>3 et 4 points derri\u00e8re.<\/strong><\/p>\n<p>Un trio de t\u00eate, et Delogu encore loin derri\u00e8re<\/p>\n<p class=\" wall-content\">Un instantan\u00e9e \u00e0 100\u00a0jours du scrutin qui donne au moins un enseignement\u2009: <strong>rien n\u2019est encore act\u00e9 dans la deuxi\u00e8me ville de France.<\/strong> \u00ab\u2009Beno\u00eet Payan peut \u00eatre r\u00e9\u00e9lu, Martine Vassal prendre sa revanche de 2020 et Franck Allisio gagner la ville\u2009\u00bb, r\u00e9sume Fr\u00e9d\u00e9ric Dabi, le directeur g\u00e9n\u00e9ral de l\u2019Ifop, dans les colonnes de La Provence.<\/p>\n<p class=\" wall-content\">\n<p class=\" wall-content\">Le trio fait la course en t\u00eate (\u00e0 respectivement 30%, 26% et 27%) loin devant <strong>le d\u00e9put\u00e9 LFI<\/strong> <strong>S\u00e9bastien Delogu, \u00e0 15%,<\/strong> et Erwan Davoux, ancien cadre du d\u00e9partement en d\u00e9licatesse avec la patronne de la collectivit\u00e9, test\u00e9 pour la premi\u00e8re fois \u00e0 2%.<\/p>\n<p>Les challengers \u00e0 l\u2019aff\u00fbt<\/p>\n<p class=\" wall-content\">Soutenu par le Printemps marseillais, le PS, le PCF et les \u00c9cologistes, Beno\u00eet Payan, qui n\u2019est pas encore en campagne (il n\u2019a m\u00eame pas encore annonc\u00e9 s\u2019il \u00e9tait effectivement candidat) assoit donc <strong>une courte avance sur ses deux principaux challengers.<\/strong><\/p>\n<p class=\" wall-content\">Franck Allisio, qui a b\u00e9n\u00e9fici\u00e9 du ralliement du s\u00e9nateur St\u00e9phane Ravier, confirme sa perc\u00e9e. Martine Vassal, en lice sous les couleurs des R\u00e9publicains, de Renaissance et d\u2019Horizons, reste dans la course. La candidate qui se revendique de la droite et du centre a fait s\u2019\u00e9chauffer la campagne cette semaine <strong>en semblant ne pas fermer la porte \u00e0 un possiblement rapprochement avec le candidat du RN<\/strong> au second tour, avant de finalement r\u00e9trop\u00e9daler, notamment <a href=\"https:\/\/actu.fr\/provence-alpes-cote-d-azur\/marseille_13055\/municipales-a-marseille-martine-vassal-etrille-le-bilan-de-benoit-payan-c-est-catastrophique_63512063.html\" target=\"_blank\" rel=\"noopener\">aupr\u00e8s de notre r\u00e9daction.<\/a><\/p>\n<p class=\" wall-content\">\u00ab\u2009Martine Vassal peut encore faire le bon choix\u2009: celui du rassemblement avec l\u2019\u00e9quipe en position de gagner autour de Franck Allisio\u2009\u00bb, a r\u00e9agi St\u00e9phane Ravier apr\u00e8s la publication de ce dernier sondage. Pas question pour l\u2019\u00e9quipe de la candidate qui \u00ab\u2009incarne la seule voie comp\u00e9tente, efficace, entre deux blocs extr\u00eames dont la seule politique sera de fracturer et d\u2019ab\u00eemer Marseille\u2009\u00bb, r\u00e9pond son porte-parole dans la campagne, Romain Simmarano.<\/p>\n<p>Votre r\u00e9gion, votre actu !<\/p>\n<p>Recevez chaque jour les infos qui comptent pour vous.<\/p>\n<p>\t<a href=\"https:\/\/actu.fr\/newsletter\" class=\"ac-btn ac-btn--corner ac-btn--medium ac-btn--blue800\" target=\"_blank\" rel=\"noopener\">S&rsquo;incrire<\/a><br \/>\nUn tiers des votants encore ind\u00e9cis<\/p>\n<p class=\" wall-content\">Parmi les 829 Marseillais interrog\u00e9s entre le 25 novembre et le 1er d\u00e9cembre par l\u2019Ifop*, ils (ne) sont (que) 15% \u00e0 miser sur la candidature de S\u00e9bastien Delogu. Mais <strong>l\u2019Insoumis pourrait encore progresser.<\/strong> Sa candidature n\u2019a \u00e9t\u00e9 officialis\u00e9e que mi-novembre et le parlementaire donnera son tout premier meeting ce samedi 6\u00a0d\u00e9cembre.<\/p>\n<p class=\" wall-content\">Le sondage r\u00e9v\u00e8le \u00e9galement que 33\u2009% des personnes interrog\u00e9es et qui se sont prononc\u00e9es pour un candidat ne sont pas encore certaines de leur choix et <strong>peuvent encore changer d\u2019avis.<\/strong> Les \u00e9lections municipales sont programm\u00e9es les 15 et 22\u00a0mars 2026.<\/p>\n<p>*Les personnes sollicit\u00e9es par t\u00e9l\u00e9phone sont inscrites sur les listes \u00e9lectorales, repr\u00e9sentatives de la population marseillaise \u00e2g\u00e9e de 18\u00a0ans et plus, selon la m\u00e9thode des quotas apr\u00e8s stratification par secteur.<\/p>\n<p class=\" wall-content\">Personnalisez votre actualit\u00e9 en ajoutant vos villes et m\u00e9dias en favori avec <a href=\"https:\/\/moncompte.actu.fr\" title=\"D\u00e9couvez Mon Actu\" rel=\"nofollow noopener\" data-trk=\"{&quot;cta&quot;:{&quot;action&quot;:&quot;https:\\\/\\\/moncompte.actu.fr&quot;,&quot;category&quot;:&quot;mon compte&quot;,&quot;from&quot;:&quot;article footer&quot;,&quot;name&quot;:&quot;Mon actu&quot;,&quot;type&quot;:&quot;cta&quot;}}\" target=\"_blank\">Mon Actu<\/a>.<\/p>\n","protected":false},"excerpt":{"rendered":"Par Fabien Binacchi Publi\u00e9 le 5 d\u00e9c. 2025 \u00e0 20h37 Toujours dans un mouchoir de poche. Au coude&hellip;\n","protected":false},"author":2,"featured_media":580598,"comment_status":"","ping_status":"","sticky":false,"template":"","format":"standard","meta":{"footnotes":""},"categories":[2814],"tags":[1111,11,6469,4188,1777,674,1011,27,884,3434,12,316,882,25,11243],"class_list":{"0":"post-580597","1":"post","2":"type-post","3":"status-publish","4":"format-standard","5":"has-post-thumbnail","7":"category-marseille","8":"tag-actu","9":"tag-actualites","10":"tag-benoit-payan","11":"tag-elections-municipales","12":"tag-eu","13":"tag-europe","14":"tag-fr","15":"tag-france","16":"tag-marseille","17":"tag-municipales-2026","18":"tag-news","19":"tag-politique","20":"tag-provence-alpes-cote-dazur","21":"tag-republique-francaise","22":"tag-sondages"},"share_on_mastodon":{"url":"https:\/\/pubeurope.com\/@fr\/115668796389890320","error":""},"_links":{"self":[{"href":"https:\/\/www.europesays.com\/fr\/wp-json\/wp\/v2\/posts\/580597","targetHints":{"allow":["GET"]}}],"collection":[{"href":"https:\/\/www.europesays.com\/fr\/wp-json\/wp\/v2\/posts"}],"about":[{"href":"https:\/\/www.europesays.com\/fr\/wp-json\/wp\/v2\/types\/post"}],"author":[{"embeddable":true,"href":"https:\/\/www.europesays.com\/fr\/wp-json\/wp\/v2\/users\/2"}],"replies":[{"embeddable":true,"href":"https:\/\/www.europesays.com\/fr\/wp-json\/wp\/v2\/comments?post=580597"}],"version-history":[{"count":0,"href":"https:\/\/www.europesays.com\/fr\/wp-json\/wp\/v2\/posts\/580597\/revisions"}],"wp:featuredmedia":[{"embeddable":true,"href":"https:\/\/www.europesays.com\/fr\/wp-json\/wp\/v2\/media\/580598"}],"wp:attachment":[{"href":"https:\/\/www.europesays.com\/fr\/wp-json\/wp\/v2\/media?parent=580597"}],"wp:term":[{"taxonomy":"category","embeddable":true,"href":"https:\/\/www.europesays.com\/fr\/wp-json\/wp\/v2\/categories?post=580597"},{"taxonomy":"post_tag","embeddable":true,"href":"https:\/\/www.europesays.com\/fr\/wp-json\/wp\/v2\/tags?post=580597"}],"curies":[{"name":"wp","href":"https:\/\/api.w.org\/{rel}","templated":true}]}}