{"id":580599,"date":"2025-12-05T20:15:23","date_gmt":"2025-12-05T20:15:23","guid":{"rendered":"https:\/\/www.europesays.com\/fr\/580599\/"},"modified":"2025-12-05T20:15:23","modified_gmt":"2025-12-05T20:15:23","slug":"lyon-la-region-des-lumieres-rejoue-son-spectacle-sur-la-basilique-de-fourviere","status":"publish","type":"post","link":"https:\/\/www.europesays.com\/fr\/580599\/","title":{"rendered":"Lyon. La R\u00e9gion des Lumi\u00e8res rejoue son spectacle sur la basilique de Fourvi\u00e8re &#8211;"},"content":{"rendered":"<p>\t\t\t\t<img fetchpriority=\"high\" decoding=\"async\" width=\"900\" height=\"619\" src=\"https:\/\/www.europesays.com\/fr\/wp-content\/uploads\/2025\/12\/8-decembre-Fourviere-2025.png\" alt=\"\" title=\"8 decembre Fourviere 2025\"   class=\"wp-image-167629\"\/><\/p>\n<p>Photos Pierre Rapey (Les Films de Pierre) pour Lyon People <\/p>\n<p><strong>Texte\u00a0: Philippe Lecoq \u2013<\/strong> Pourquoi ne pas reconduire un succ\u00e8s\u00a0? Pr\u00e8s d\u2019un million de personnes sont redescendues l\u2019an pass\u00e9 du parvis de Fourvi\u00e8re avec de la magie plein les yeux, magie d\u2019un spectacle visuel et sonore projet\u00e9 plusieurs soirs de suite et plusieurs fois par soir (1) sur la fa\u00e7ade monumentale de la basilique, ses tours, et sa chapelle\u00a0: Magnifique. Po\u00e9tique. Juste et beau.<\/p>\n<p>Et gratuit, comme le veut la tradition des spectacles vid\u00e9o-mapping du Festival R\u00e9gion des Lumi\u00e8res concoct\u00e9s par les Allumeurs de R\u00eaves de <strong>Gilbert Coud\u00e8ne<\/strong>, ouverts \u00e0 tous les publics, grands et petits, avec \u00e0 la clef un incroyable succ\u00e8s populaire qui ne se d\u00e9ment pas d\u2019une ann\u00e9e sur l\u2019autre.<\/p>\n<p><strong>Un <\/strong><strong>spectacle de 18 minutes<br \/><\/strong><br \/><img loading=\"lazy\" decoding=\"async\" class=\"alignnone size-full wp-image-167627\" src=\"data:image\/svg+xml,%3Csvg%20xmlns=\" http:=\"\" alt=\"\" width=\"824\" height=\"900\" data-lazy- data-lazy- data-lazy-src=\"https:\/\/www.europesays.com\/fr\/wp-content\/uploads\/2025\/12\/chapelle-de-Fourviere-8-decembre-1.jpg\"\/><\/p>\n<p>Pour cette ann\u00e9e 2025, les \u00e9quipes des <strong>Coud\u00e8ne<\/strong> \u2013 Gilbert et Barbara \u2013 Estelle Baudet, charg\u00e9e de production, les Ateliers BK et Paradoxe Studio, sans oublier le musicien Paul Lecomte, ont revisit\u00e9 le spectacle \u00e0 base de dessins, d\u2019animations en 2D et 3D, et d\u2019effets sp\u00e9ciaux, apportant de l\u2019in\u00e9dit afin de surprendre encore une fois les Lyonnais et leurs amis.<\/p>\n<p>Sans rien d\u00e9voiler, l\u2019\u00e9quipe vous convie \u00e0 l\u2019aide d\u2019une dizaine de tableaux vivants, \u00e0 revivre l\u2019histoire de Fourvi\u00e8re, la construction de la basilique avec ses magnifiques d\u00e9cors et ses tr\u00e9sors. Et toujours un hommage aux femmes de Lyon, de Sainte-Blandine \u00e0 Pauline Jaricot en passant par les r\u00e9sistantes Elise Rivet et Daisy Georges-Martin, avec la projection de c\u00e9l\u00e8bres portraits issus des collections du Mus\u00e9e des Beaux-Arts de Lyon.<\/p>\n<p>A noter comme toujours \u00e0 Fourvi\u00e8re et plus g\u00e9n\u00e9ralement pour les Festival r\u00e9gion des Lumi\u00e8res, la reconduction de tous les dispositifs handi-accueil qui permettent \u00e0 tous d\u2019appr\u00e9cier la po\u00e9sie du spectacle.<\/p>\n<p><strong><img loading=\"lazy\" decoding=\"async\" class=\" wp-image-167625 alignleft\" src=\"data:image\/svg+xml,%3Csvg%20xmlns=\" http:=\"\" alt=\"\" width=\"168\" height=\"211\" data-lazy-src=\"https:\/\/www.europesays.com\/fr\/wp-content\/uploads\/2025\/12\/festival-Region-des-Lumieres-Fourviere.jpg\"\/>5 et 6 d\u00e9cembre 2025\u00a0: 19h-23h<br \/>7 d\u00e9cembre\u00a0: 18h-22h<br \/>Du 26 au 31 d\u00e9cembre\u00a0: 18h45-21h45<\/strong><\/p>\n<p>\u00a0<\/p>\n<p>\u00a0<\/p>\n<p>\u00a0<\/p>\n<p>\u00a0<\/p>\n","protected":false},"excerpt":{"rendered":"Photos Pierre Rapey (Les Films de Pierre) pour Lyon People Texte\u00a0: Philippe Lecoq \u2013 Pourquoi ne pas reconduire&hellip;\n","protected":false},"author":2,"featured_media":580600,"comment_status":"","ping_status":"","sticky":false,"template":"","format":"standard","meta":{"footnotes":""},"categories":[1889],"tags":[4257,1111,11,2430,1777,674,69457,5293,1011,27,2428,12,25],"class_list":{"0":"post-580599","1":"post","2":"type-post","3":"status-publish","4":"format-standard","5":"has-post-thumbnail","7":"category-lyon","8":"tag-0top","9":"tag-actu","10":"tag-actualites","11":"tag-auvergne-rhone-alpes","12":"tag-eu","13":"tag-europe","14":"tag-festival-region-des-lumieres","15":"tag-fourviere","16":"tag-fr","17":"tag-france","18":"tag-lyon","19":"tag-news","20":"tag-republique-francaise"},"share_on_mastodon":{"url":"https:\/\/pubeurope.com\/@fr\/115668801072092047","error":""},"_links":{"self":[{"href":"https:\/\/www.europesays.com\/fr\/wp-json\/wp\/v2\/posts\/580599","targetHints":{"allow":["GET"]}}],"collection":[{"href":"https:\/\/www.europesays.com\/fr\/wp-json\/wp\/v2\/posts"}],"about":[{"href":"https:\/\/www.europesays.com\/fr\/wp-json\/wp\/v2\/types\/post"}],"author":[{"embeddable":true,"href":"https:\/\/www.europesays.com\/fr\/wp-json\/wp\/v2\/users\/2"}],"replies":[{"embeddable":true,"href":"https:\/\/www.europesays.com\/fr\/wp-json\/wp\/v2\/comments?post=580599"}],"version-history":[{"count":0,"href":"https:\/\/www.europesays.com\/fr\/wp-json\/wp\/v2\/posts\/580599\/revisions"}],"wp:featuredmedia":[{"embeddable":true,"href":"https:\/\/www.europesays.com\/fr\/wp-json\/wp\/v2\/media\/580600"}],"wp:attachment":[{"href":"https:\/\/www.europesays.com\/fr\/wp-json\/wp\/v2\/media?parent=580599"}],"wp:term":[{"taxonomy":"category","embeddable":true,"href":"https:\/\/www.europesays.com\/fr\/wp-json\/wp\/v2\/categories?post=580599"},{"taxonomy":"post_tag","embeddable":true,"href":"https:\/\/www.europesays.com\/fr\/wp-json\/wp\/v2\/tags?post=580599"}],"curies":[{"name":"wp","href":"https:\/\/api.w.org\/{rel}","templated":true}]}}