{"id":580607,"date":"2025-12-05T20:20:21","date_gmt":"2025-12-05T20:20:21","guid":{"rendered":"https:\/\/www.europesays.com\/fr\/580607\/"},"modified":"2025-12-05T20:20:21","modified_gmt":"2025-12-05T20:20:21","slug":"sa-restauration-complete-necessite-encore-140-millions-deuros","status":"publish","type":"post","link":"https:\/\/www.europesays.com\/fr\/580607\/","title":{"rendered":"sa restauration compl\u00e8te n\u00e9cessite encore 140 millions d\u2019euros"},"content":{"rendered":"<p>\n    L\u2019\u00e9tablissement public Reb\u00e2tir Notre-Dame de Paris lance un nouvel appel aux dons pour parachever la renaissance du monument.<\/p>\n<p class=\"fig-paragraph\">La restauration compl\u00e8te de la\u00a0<a href=\"http:\/\/www.lefigaro.fr\/actualite-france\/dossier\/notre-dame-paris-incendie-cathedrale-reconstruction\" target=\"_blank\" data-fig-type=\"Topic\" rel=\"noopener\" data-gtm-custom-categorie=\"navigation\" data-gtm-custom-action=\"crossclick\" data-gtm-custom-label=\"Contextuel\" data-gtm-event=\"customEventSPE\" data-fig-domain=\"LEFIGARO\">cath\u00e9drale Notre-Dame de Paris<\/a>\u00a0n\u00e9cessite encore 140 millions d&rsquo;euros de dons, a indiqu\u00e9 jeudi l&rsquo;\u00e9tablissement public ma\u00eetre d&rsquo;ouvrage de la restauration, alors que plus de\u00a0<a href=\"http:\/\/www.lefigaro.fr\/actualite-france\/reouverture-de-notre-dame-de-paris-le-monde-redecouvre-la-cathedrale-macron-predit-un-choc-d-esperance-20241129\" target=\"_blank\" data-fig-type=\"NewsFlash\" rel=\"noopener\" data-gtm-custom-categorie=\"navigation\" data-gtm-custom-action=\"crossclick\" data-gtm-custom-label=\"Contextuel\" data-gtm-event=\"customEventSPE\" data-fig-domain=\"LEFIGARO\">840 millions ont d\u00e9j\u00e0 \u00e9t\u00e9 per\u00e7us<\/a>.<\/p>\n<p class=\"fig-paragraph\">\u00ab\u00a0Gr\u00e2ce \u00e0 la g\u00e9n\u00e9rosit\u00e9 des donateurs et \u00e0 une gestion rigoureuse, salu\u00e9e par la Cour des comptes, nous avons encore pr\u00e8s de 140 millions disponibles\u00a0\u00bb sur la totalit\u00e9 des dons r\u00e9colt\u00e9s, s&rsquo;est r\u00e9joui l&rsquo;\u00e9tablissement public Reb\u00e2tir Notre-Dame de Paris. \u00ab\u00a0Mais pour achever au plus vite la restauration compl\u00e8te du monument qui n&rsquo;\u00e9tait pas en bon \u00e9tat avant 2019, il manque encore au moins l&rsquo;\u00e9quivalent\u00a0\u00bb, a poursuivi l&rsquo;organisme, qui lance un appel aux dons. Cela comprend des travaux de restauration sur la sacristie, \u00ab\u00a0qui n&rsquo;a pas fait l&rsquo;objet de restaurations ext\u00e9rieures depuis sa construction\u00a0\u00bb, les trois grandes roses de la cath\u00e9drale, les fa\u00e7ades nord et sud du transept, le presbyt\u00e8re, la nef ou encore l&rsquo;arri\u00e8re des tours.<\/p>\n<p class=\"fig-body-link\">\n<p>        Lire le dossier<br \/>\n        <a class=\"fig-body-link__link\" href=\"http:\/\/www.lefigaro.fr\/actualite-france\/dossier\/notre-dame-paris-incendie-cathedrale-reconstruction\" target=\"_blank\" data-fig-type=\"Topic\" rel=\"noopener\" data-gtm-custom-categorie=\"navigation\" data-gtm-custom-action=\"crossclick\" data-gtm-custom-label=\"Contextuel\" data-gtm-event=\"customEventSPE\" data-fig-domain=\"LEFIGARO\"><\/p>\n<p>        Notre-Dame de Paris \u00e0 l\u2019heure de la grande r\u00e9ouverture<br \/>\n    <\/a>\n<\/p>\n<p>                                            <a class=\"fig-a11y-skip\" href=\"#fig-a11y-skip-main-inarticle\" data-module=\"a11y-skip\" data-context=\"was @visible\"><br \/>\n    Passer la publicit\u00e9<br \/>\n<\/a>            <\/p>\n<p class=\"fig-paragraph\">Plus de 840 millions d&rsquo;euros de dons \u00e9manant de 340\u00a0000 donateurs de 150 pays diff\u00e9rents ont d\u00e9j\u00e0 \u00e9t\u00e9 r\u00e9colt\u00e9s, d&rsquo;apr\u00e8s Reb\u00e2tir Notre-Dame de Paris. Un an apr\u00e8s sa r\u00e9ouverture en grande pompe sous les yeux de dirigeants du monde entier dont Donald Trump, le monument a d\u00e9j\u00e0 accueilli plus de\u00a0<a href=\"http:\/\/www.lefigaro.fr\/actualite-france\/notre-dame-de-paris-11-millions-de-visiteurs-depuis-la-reouverture-un-record-20251126\" target=\"_blank\" data-fig-type=\"NewsFlash\" rel=\"noopener\" data-gtm-custom-categorie=\"navigation\" data-gtm-custom-action=\"crossclick\" data-gtm-custom-label=\"Contextuel\" data-gtm-event=\"customEventSPE\" data-fig-domain=\"LEFIGARO\">11 millions de visiteurs<\/a>.<\/p>\n","protected":false},"excerpt":{"rendered":"L\u2019\u00e9tablissement public Reb\u00e2tir Notre-Dame de Paris lance un nouvel appel aux dons pour parachever la renaissance du monument.&hellip;\n","protected":false},"author":2,"featured_media":580608,"comment_status":"","ping_status":"","sticky":false,"template":"","format":"standard","meta":{"footnotes":""},"categories":[1888],"tags":[1111,1928,11,1927,1350,13601,1777,674,1011,27,12,1926,3341,626,1925,25],"class_list":{"0":"post-580607","1":"post","2":"type-post","3":"status-publish","4":"format-standard","5":"has-post-thumbnail","7":"category-paris","8":"tag-actu","9":"tag-actu-paris","10":"tag-actualites","11":"tag-actualites-paris","12":"tag-architecture","13":"tag-cathedrale","14":"tag-eu","15":"tag-europe","16":"tag-fr","17":"tag-france","18":"tag-news","19":"tag-news-paris","20":"tag-notre-dame-de-paris","21":"tag-paris","22":"tag-paris-news","23":"tag-republique-francaise"},"share_on_mastodon":{"url":"https:\/\/pubeurope.com\/@fr\/115668819943237844","error":""},"_links":{"self":[{"href":"https:\/\/www.europesays.com\/fr\/wp-json\/wp\/v2\/posts\/580607","targetHints":{"allow":["GET"]}}],"collection":[{"href":"https:\/\/www.europesays.com\/fr\/wp-json\/wp\/v2\/posts"}],"about":[{"href":"https:\/\/www.europesays.com\/fr\/wp-json\/wp\/v2\/types\/post"}],"author":[{"embeddable":true,"href":"https:\/\/www.europesays.com\/fr\/wp-json\/wp\/v2\/users\/2"}],"replies":[{"embeddable":true,"href":"https:\/\/www.europesays.com\/fr\/wp-json\/wp\/v2\/comments?post=580607"}],"version-history":[{"count":0,"href":"https:\/\/www.europesays.com\/fr\/wp-json\/wp\/v2\/posts\/580607\/revisions"}],"wp:featuredmedia":[{"embeddable":true,"href":"https:\/\/www.europesays.com\/fr\/wp-json\/wp\/v2\/media\/580608"}],"wp:attachment":[{"href":"https:\/\/www.europesays.com\/fr\/wp-json\/wp\/v2\/media?parent=580607"}],"wp:term":[{"taxonomy":"category","embeddable":true,"href":"https:\/\/www.europesays.com\/fr\/wp-json\/wp\/v2\/categories?post=580607"},{"taxonomy":"post_tag","embeddable":true,"href":"https:\/\/www.europesays.com\/fr\/wp-json\/wp\/v2\/tags?post=580607"}],"curies":[{"name":"wp","href":"https:\/\/api.w.org\/{rel}","templated":true}]}}