{"id":580609,"date":"2025-12-05T20:21:18","date_gmt":"2025-12-05T20:21:18","guid":{"rendered":"https:\/\/www.europesays.com\/fr\/580609\/"},"modified":"2025-12-05T20:21:18","modified_gmt":"2025-12-05T20:21:18","slug":"un-airbus-a320-dair-france-parti-de-rome-pour-rejoindre-paris-atterrit-finalement-a-zurich","status":"publish","type":"post","link":"https:\/\/www.europesays.com\/fr\/580609\/","title":{"rendered":"Un Airbus A320 d&rsquo;Air France parti de Rome pour rejoindre Paris, atterrit finalement \u00e0 Zurich"},"content":{"rendered":"<p>                    Par<br \/>\n        <strong><br \/>\n            <a href=\"https:\/\/actu.fr\/auteur\/redaction-paris\" title=\"Consulter tous les articles de R\u00e9daction Paris\" target=\"_blank\" rel=\"noopener\">R\u00e9daction Paris<\/a><br \/>\n                    <\/strong><\/p>\n<p>        Publi\u00e9 le<\/p>\n<p>            5 d\u00e9c. 2025 \u00e0 18h05        <\/p>\n<p>Changement de plan en plein vol. Vendredi 5\u00a0d\u00e9cembre 2025, le vol AF1005 d\u2019<strong>Air France<\/strong> reliant l\u2019a\u00e9roport de Rome \u00e0 celui Roissy Charles-de-Gaulle \u00e0 Paris, a \u00e9t\u00e9 d\u00e9tourn\u00e9 vers l\u2019a\u00e9roport de Zurich, en Suisse, selon une information du m\u00e9dia sp\u00e9cialis\u00e9 <a href=\"https:\/\/airlive.net\/tracking\/2025\/12\/05\/air-france-flight-af1005-from-rome-to-paris-just-diverted-to-zurich\/\" target=\"_blank\" rel=\"noopener\">AirLive<\/a> et confirm\u00e9e par la compagnie apr\u00e8s d\u2019actu Paris.<\/p>\n<p>Brouillard et nuages bas<\/p>\n<p class=\" wall-content\">Parti de Rome en Airbus A320-214, le vol a d\u2019abord tent\u00e9 d\u2019atterrir \u00e0 Paris. Mais alors qu\u2019il approchait de la piste, les conditions m\u00e9t\u00e9o se sont d\u00e9grad\u00e9es\u2009: un \u00e9pais brouillard r\u00e9duisant la visibilit\u00e9 \u00e0 environ 400\u00a0m et une base des nuages tr\u00e8s basse n\u2019ont pas permis \u00e0 l\u2019avion de se poser.<\/p>\n<p class=\" wall-content\">Apr\u00e8s une remise des gaz, l\u2019appareil a finalement rebrouss\u00e9 chemin et atterri quelques instants plus tard \u00e0 Zurich. La compagnie a annonc\u00e9 qu\u2019un nouveau d\u00e9part de Zurich vers Paris \u00e9tait programm\u00e9 \u00e0 11h dans la matin\u00e9e.<\/p>\n<p class=\" wall-content\">Personnalisez votre actualit\u00e9 en ajoutant vos villes et m\u00e9dias en favori avec <a href=\"https:\/\/moncompte.actu.fr\" title=\"D\u00e9couvez Mon Actu\" rel=\"nofollow noopener\" data-trk=\"{&quot;cta&quot;:{&quot;action&quot;:&quot;https:\\\/\\\/moncompte.actu.fr&quot;,&quot;category&quot;:&quot;mon compte&quot;,&quot;from&quot;:&quot;article footer&quot;,&quot;name&quot;:&quot;Mon actu&quot;,&quot;type&quot;:&quot;cta&quot;}}\" target=\"_blank\">Mon Actu<\/a>.<\/p>\n","protected":false},"excerpt":{"rendered":"Par R\u00e9daction Paris Publi\u00e9 le 5 d\u00e9c. 2025 \u00e0 18h05 Changement de plan en plein vol. Vendredi 5\u00a0d\u00e9cembre&hellip;\n","protected":false},"author":2,"featured_media":580610,"comment_status":"","ping_status":"","sticky":false,"template":"","format":"standard","meta":{"footnotes":""},"categories":[1888],"tags":[11,10045,1816,1777,674,1011,27,12,626,25,104],"class_list":{"0":"post-580609","1":"post","2":"type-post","3":"status-publish","4":"format-standard","5":"has-post-thumbnail","7":"category-paris","8":"tag-actualites","9":"tag-aeroport-roissy-charles-de-gaulle","10":"tag-air-france","11":"tag-eu","12":"tag-europe","13":"tag-fr","14":"tag-france","15":"tag-news","16":"tag-paris","17":"tag-republique-francaise","18":"tag-societe"},"share_on_mastodon":{"url":"https:\/\/pubeurope.com\/@fr\/115668823989990666","error":""},"_links":{"self":[{"href":"https:\/\/www.europesays.com\/fr\/wp-json\/wp\/v2\/posts\/580609","targetHints":{"allow":["GET"]}}],"collection":[{"href":"https:\/\/www.europesays.com\/fr\/wp-json\/wp\/v2\/posts"}],"about":[{"href":"https:\/\/www.europesays.com\/fr\/wp-json\/wp\/v2\/types\/post"}],"author":[{"embeddable":true,"href":"https:\/\/www.europesays.com\/fr\/wp-json\/wp\/v2\/users\/2"}],"replies":[{"embeddable":true,"href":"https:\/\/www.europesays.com\/fr\/wp-json\/wp\/v2\/comments?post=580609"}],"version-history":[{"count":0,"href":"https:\/\/www.europesays.com\/fr\/wp-json\/wp\/v2\/posts\/580609\/revisions"}],"wp:featuredmedia":[{"embeddable":true,"href":"https:\/\/www.europesays.com\/fr\/wp-json\/wp\/v2\/media\/580610"}],"wp:attachment":[{"href":"https:\/\/www.europesays.com\/fr\/wp-json\/wp\/v2\/media?parent=580609"}],"wp:term":[{"taxonomy":"category","embeddable":true,"href":"https:\/\/www.europesays.com\/fr\/wp-json\/wp\/v2\/categories?post=580609"},{"taxonomy":"post_tag","embeddable":true,"href":"https:\/\/www.europesays.com\/fr\/wp-json\/wp\/v2\/tags?post=580609"}],"curies":[{"name":"wp","href":"https:\/\/api.w.org\/{rel}","templated":true}]}}