{"id":580611,"date":"2025-12-05T20:22:11","date_gmt":"2025-12-05T20:22:11","guid":{"rendered":"https:\/\/www.europesays.com\/fr\/580611\/"},"modified":"2025-12-05T20:22:11","modified_gmt":"2025-12-05T20:22:11","slug":"la-cour-dappel-de-paris-valide-la-reduction-de-dette-daltice-france-liberation","status":"publish","type":"post","link":"https:\/\/www.europesays.com\/fr\/580611\/","title":{"rendered":"La Cour d\u2019appel de Paris valide la r\u00e9duction de dette d\u2019Altice France \u2013 Lib\u00e9ration"},"content":{"rendered":"<p class=\"sc-cPiKLX AiZTS text-element\">La Cour d\u2019appel de Paris a donn\u00e9 raison \u00e0 la direction d\u2019Altice France. Dans une d\u00e9cision rendue ce vendredi 5 d\u00e9cembre, la juridiction confirme la <a href=\"https:\/\/www.liberation.fr\/economie\/le-succes-de-la-negociation-ou-la-fin-de-lhistoire-altice-la-maison-mere-de-sfr-dans-lattente-dune-decision-de-justice-cruciale-20250804_36AHABICQNFK3IV6SX3A7SQJEY\/\" target=\"_blank\" rel=\"noreferrer noopener\" title=\"https:\/\/www.liberation.fr\/economie\/le-succes-de-la-negociation-ou-la-fin-de-lhistoire-altice-la-maison-mere-de-sfr-dans-lattente-dune-decision-de-justice-cruciale-20250804_36AHABICQNFK3IV6SX3A7SQJEY\/\">d\u00e9cision du tribunal des activit\u00e9s \u00e9conomiques de Paris<\/a>, qui avait donn\u00e9 son feu vert d\u00e9but ao\u00fbt au plan de sauvegarde acc\u00e9l\u00e9r\u00e9e du groupe.<\/p>\n<p class=\"sc-cPiKLX AiZTS text-element\">R\u00e9sultat d\u2019un accord pass\u00e9 avec les cr\u00e9anciers, il a \u00e9t\u00e9 mis en \u0153uvre d\u00e9but octobre et a permis au groupe de <a href=\"https:\/\/www.liberation.fr\/societe\/police-justice\/altice-france-le-plan-de-restructuration-de-la-dette-de-sfr-integralement-valide-par-le-tribunal-de-commerce-20250804_FYULEDRXO5HX7ISUBRHIUNZ65U\/\" target=\"_blank\" rel=\"noreferrer noopener\" title=\"https:\/\/www.liberation.fr\/societe\/police-justice\/altice-france-le-plan-de-restructuration-de-la-dette-de-sfr-integralement-valide-par-le-tribunal-de-commerce-20250804_FYULEDRXO5HX7ISUBRHIUNZ65U\/\">diminuer sa dette de plus de 8 milliards d\u2019euros<\/a>. En contrepartie, les cr\u00e9anciers se sont vus accorder 45 % des parts d\u2019Altice France.<\/p>\n<p class=\"sc-cPiKLX AiZTS text-element\">Mais le plan \u00e9tait contest\u00e9 par le Comit\u00e9 social et \u00e9conomique (CSE) de l\u2019entreprise, et par deux syndicats, l\u2019Unsa et la CFDT. \u00abNous prenons acte de cette d\u00e9cision, que nous regrettons\u00bb, a r\u00e9agi vendredi Abdelkader Choukrane, \u00e9lu au CSE et secr\u00e9taire g\u00e9n\u00e9ral Unsa, tandis qu\u2019Olivier Lelong, d\u00e9l\u00e9gu\u00e9 syndical central CFDT, assure que ses camarades et lui sont \u00ababattus\u00bb. \u00abMais nous savons que le plus dur reste \u00e0 venir [\u2026] parce que le projet, quoi qu\u2019en dise la justice, c\u2019est bien de liquider SFR.\u00bb Sollicit\u00e9e par l\u2019AFP, Altice France n\u2019a pas fait de commentaire sur la d\u00e9cision.<\/p>\n<p class=\"sc-cPiKLX AiZTS text-element\">Les repr\u00e9sentants des salari\u00e9s avaient form\u00e9 un recours contre la validation en premi\u00e8re instance du plan, lui reprochant notamment de faire peser sur les filiales du groupe, notamment SFR, la dette contract\u00e9e par la soci\u00e9t\u00e9 m\u00e8re.<\/p>\n<p class=\"sc-cPiKLX AiZTS text-element\">Ils d\u00e9non\u00e7aient \u00e9galement un \u00abprojet de d\u00e9mant\u00e8lement\u00bb et exprimaient des craintes vis-\u00e0-vis de l\u2019emploi en cas de vente de SFR, qui compte 8 000 employ\u00e9s. \u00abL\u2019Unsa continuera \u00e0 se battre pour l\u2019avenir des salari\u00e9s [\u2026], surtout dans la perspective d\u2019une concentration \u00e0 venir du march\u00e9 des t\u00e9l\u00e9coms\u00bb, a promis Abdelkader Choukrane, de l\u2019Unsa.<\/p>\n<p class=\"sc-cPiKLX AiZTS text-element\">L\u2019op\u00e9rateur a fait l\u2019objet mi-octobre <a href=\"https:\/\/www.liberation.fr\/economie\/rachat-de-sfr-loffre-conjointe-de-bouygues-free-et-orange-immediatement-rejetee-par-altice-france-20251015_GOYTYUSXZZC6FP35PLAYCKY3OQ\/\" target=\"_blank\" rel=\"noreferrer noopener\" title=\"https:\/\/www.liberation.fr\/economie\/rachat-de-sfr-loffre-conjointe-de-bouygues-free-et-orange-immediatement-rejetee-par-altice-france-20251015_GOYTYUSXZZC6FP35PLAYCKY3OQ\/\">d\u2019une offre de rachat<\/a> de ses principaux actifs de la part de ses trois concurrents sur le march\u00e9 fran\u00e7ais, Bouygues Telecom, Free et Orange, pour 17 milliards d\u2019euros. L\u2019offre avait \u00e9t\u00e9 rejet\u00e9e d\u00e8s le lendemain par la direction d\u2019Altice France, et remise aussit\u00f4t sur la table par les trois op\u00e9rateurs.<\/p>\n","protected":false},"excerpt":{"rendered":"La Cour d\u2019appel de Paris a donn\u00e9 raison \u00e0 la direction d\u2019Altice France. Dans une d\u00e9cision rendue ce&hellip;\n","protected":false},"author":2,"featured_media":580612,"comment_status":"","ping_status":"","sticky":false,"template":"","format":"standard","meta":{"footnotes":""},"categories":[1888],"tags":[11,1777,674,1011,27,12,626,25,740],"class_list":{"0":"post-580611","1":"post","2":"type-post","3":"status-publish","4":"format-standard","5":"has-post-thumbnail","7":"category-paris","8":"tag-actualites","9":"tag-eu","10":"tag-europe","11":"tag-fr","12":"tag-france","13":"tag-news","14":"tag-paris","15":"tag-republique-francaise","16":"tag-sfr"},"share_on_mastodon":{"url":"https:\/\/pubeurope.com\/@fr\/115668827992885886","error":""},"_links":{"self":[{"href":"https:\/\/www.europesays.com\/fr\/wp-json\/wp\/v2\/posts\/580611","targetHints":{"allow":["GET"]}}],"collection":[{"href":"https:\/\/www.europesays.com\/fr\/wp-json\/wp\/v2\/posts"}],"about":[{"href":"https:\/\/www.europesays.com\/fr\/wp-json\/wp\/v2\/types\/post"}],"author":[{"embeddable":true,"href":"https:\/\/www.europesays.com\/fr\/wp-json\/wp\/v2\/users\/2"}],"replies":[{"embeddable":true,"href":"https:\/\/www.europesays.com\/fr\/wp-json\/wp\/v2\/comments?post=580611"}],"version-history":[{"count":0,"href":"https:\/\/www.europesays.com\/fr\/wp-json\/wp\/v2\/posts\/580611\/revisions"}],"wp:featuredmedia":[{"embeddable":true,"href":"https:\/\/www.europesays.com\/fr\/wp-json\/wp\/v2\/media\/580612"}],"wp:attachment":[{"href":"https:\/\/www.europesays.com\/fr\/wp-json\/wp\/v2\/media?parent=580611"}],"wp:term":[{"taxonomy":"category","embeddable":true,"href":"https:\/\/www.europesays.com\/fr\/wp-json\/wp\/v2\/categories?post=580611"},{"taxonomy":"post_tag","embeddable":true,"href":"https:\/\/www.europesays.com\/fr\/wp-json\/wp\/v2\/tags?post=580611"}],"curies":[{"name":"wp","href":"https:\/\/api.w.org\/{rel}","templated":true}]}}