{"id":580615,"date":"2025-12-05T20:24:19","date_gmt":"2025-12-05T20:24:19","guid":{"rendered":"https:\/\/www.europesays.com\/fr\/580615\/"},"modified":"2025-12-05T20:24:19","modified_gmt":"2025-12-05T20:24:19","slug":"ukraine-etats-unis-avant-de-nouvelles-discussions-prevues-vendredi-moscou-salue-la-presence-du-beau-fils-de-donald-trump","status":"publish","type":"post","link":"https:\/\/www.europesays.com\/fr\/580615\/","title":{"rendered":"Ukraine\u2013\u00c9tats-Unis : avant de nouvelles discussions pr\u00e9vues vendredi, Moscou salue la pr\u00e9sence du beau-fils de Donald Trump"},"content":{"rendered":"<p class=\"mb-4 text-lg md:leading-8 break-words\">De nouveaux entretiens entre Ukrainiens et Am\u00e9ricains sont pr\u00e9vus pour vendredi \u00e0 Miami en vue de discuter du plan am\u00e9ricain visant \u00e0 mettre fin \u00e0 la guerre avec <a href=\"https:\/\/www.parismatch.com\/dossiers\/russie\" rel=\"nofollow noopener\" target=\"_blank\" data-ylk=\"slk:la Russie;elm:context_link;itc:0;sec:content-canvas\" class=\"link \">la Russie<\/a>, a annonc\u00e9 \u00e0 l\u2019AFP un responsable \u00e0 Kiev.<\/p>\n<p class=\"mb-4 text-lg md:leading-8 break-words\">\u00ab\u00a0Oui, une nouvelle r\u00e9union est attendue pour aujourd\u2019hui\u00a0\u00bb, a d\u00e9clar\u00e9 Oleksandre Bevz, un conseiller de la pr\u00e9sidence ukrainienne. Il a pr\u00e9cis\u00e9 que le n\u00e9gociateur en chef de Kiev, Roustem Oumerov, \u00e9tait sur place.<\/p>\n<p class=\"mb-4 text-lg md:leading-8 break-words\">Un responsable am\u00e9ricain s\u2019exprimant sous le couvert de l\u2019anonymat avait d\u00e9clar\u00e9 mercredi que l\u2019\u00e9missaire de <a href=\"https:\/\/www.parismatch.com\/bio\/donald-trump\" rel=\"nofollow noopener\" target=\"_blank\" data-ylk=\"slk:Donald Trump;elm:context_link;itc:0;sec:content-canvas\" class=\"link \">Donald Trump<\/a>, Steve Witkoff, ainsi que le gendre du pr\u00e9sident am\u00e9ricain, Jared Kushner, allaient rencontrer M. Oumerov jeudi en Floride.<\/p>\n<p class=\"mb-4 text-lg md:leading-8 break-words\">Si \u00ab\u00a0le processus diplomatique se d\u00e9roule principalement en coulisses, [\u2026] les positions sont claires\u00a0\u00bb, \u00ab\u00a0l\u2019Ukraine veut la fin de la guerre et est pr\u00eate \u00e0 des discussions\u00a0\u00bb, a dit sur X Mykha\u00eflo Podoliak, un autre conseiller de la pr\u00e9sidence ukrainienne.<\/p>\n<p>Pour le Kremlin il reste \u00ab\u00a0beaucoup de travail\u00a0\u00bb<\/p>\n<p class=\"mb-4 text-lg md:leading-8 break-words\">Depuis la pr\u00e9sentation du plan am\u00e9ricain il y a bient\u00f4t trois semaines, plusieurs sessions de pourparlers ont eu lieu avec les Ukrainiens \u00e0 Gen\u00e8ve et en Floride pour tenter d\u2019amender le texte en faveur de Kiev. Le document a aussi \u00e9t\u00e9 pr\u00e9sent\u00e9 mardi au pr\u00e9sident Vladimir Poutine au cours d\u2019une visite \u00e0 Moscou de Steve Witkoff et de Jared Kushner.<\/p>\n<p class=\"mb-4 text-lg md:leading-8 break-words\">Peu de d\u00e9tails ont filtr\u00e9 sur ce plan amend\u00e9, apr\u00e8s qu\u2019une version initiale a \u00e9t\u00e9 per\u00e7ue par Kiev comme \u00e9tant largement favorable \u00e0 la Russie. Apr\u00e8s la rencontre dans la cap&#8230;<\/p>\n<p class=\"mb-4 text-lg md:leading-8 break-words\"><a href=\"https:\/\/www.parismatch.com\/actu\/international\/ukraine-etats-unis-avant-de-nouvelles-discussions-prevues-vendredi-moscou-salue-la-presence-du-beau-fils-de-donald-trump-261189?at_medium=affiliate&amp;at_campaign=Yahoo\" rel=\"nofollow noopener\" target=\"_blank\" data-ylk=\"slk:Lire la suite sur ParisMatch;elm:context_link;itc:0;sec:content-canvas\" class=\"link \">Lire la suite sur ParisMatch<\/a><\/p>\n","protected":false},"excerpt":{"rendered":"De nouveaux entretiens entre Ukrainiens et Am\u00e9ricains sont pr\u00e9vus pour vendredi \u00e0 Miami en vue de discuter du&hellip;\n","protected":false},"author":2,"featured_media":580616,"comment_status":"","ping_status":"","sticky":false,"template":"","format":"standard","meta":{"footnotes":""},"categories":[1590],"tags":[11,75,1777,674,22009,22276,11229,12,7274,6989,220,135],"class_list":{"0":"post-580615","1":"post","2":"type-post","3":"status-publish","4":"format-standard","5":"has-post-thumbnail","7":"category-ukraine","8":"tag-actualites","9":"tag-donald-trump","10":"tag-eu","11":"tag-europe","12":"tag-fin-de-la-guerre","13":"tag-jared-kushner","14":"tag-kiev","15":"tag-news","16":"tag-president-americain","17":"tag-steve-witkoff","18":"tag-ukraine","19":"tag-vladimir-poutine"},"share_on_mastodon":{"url":"https:\/\/pubeurope.com\/@fr\/115668835744572250","error":""},"_links":{"self":[{"href":"https:\/\/www.europesays.com\/fr\/wp-json\/wp\/v2\/posts\/580615","targetHints":{"allow":["GET"]}}],"collection":[{"href":"https:\/\/www.europesays.com\/fr\/wp-json\/wp\/v2\/posts"}],"about":[{"href":"https:\/\/www.europesays.com\/fr\/wp-json\/wp\/v2\/types\/post"}],"author":[{"embeddable":true,"href":"https:\/\/www.europesays.com\/fr\/wp-json\/wp\/v2\/users\/2"}],"replies":[{"embeddable":true,"href":"https:\/\/www.europesays.com\/fr\/wp-json\/wp\/v2\/comments?post=580615"}],"version-history":[{"count":0,"href":"https:\/\/www.europesays.com\/fr\/wp-json\/wp\/v2\/posts\/580615\/revisions"}],"wp:featuredmedia":[{"embeddable":true,"href":"https:\/\/www.europesays.com\/fr\/wp-json\/wp\/v2\/media\/580616"}],"wp:attachment":[{"href":"https:\/\/www.europesays.com\/fr\/wp-json\/wp\/v2\/media?parent=580615"}],"wp:term":[{"taxonomy":"category","embeddable":true,"href":"https:\/\/www.europesays.com\/fr\/wp-json\/wp\/v2\/categories?post=580615"},{"taxonomy":"post_tag","embeddable":true,"href":"https:\/\/www.europesays.com\/fr\/wp-json\/wp\/v2\/tags?post=580615"}],"curies":[{"name":"wp","href":"https:\/\/api.w.org\/{rel}","templated":true}]}}