{"id":58062,"date":"2025-04-28T00:54:10","date_gmt":"2025-04-28T00:54:10","guid":{"rendered":"https:\/\/www.europesays.com\/fr\/58062\/"},"modified":"2025-04-28T00:54:10","modified_gmt":"2025-04-28T00:54:10","slug":"israel-annule-les-visas-de-deux-elus-de-seine-saint-denis-qui-devaient-se-rendre-en-palestine-cette-semaine","status":"publish","type":"post","link":"https:\/\/www.europesays.com\/fr\/58062\/","title":{"rendered":"Isra\u00ebl annule les visas de deux \u00e9lus de Seine-Saint-Denis qui devaient se rendre en Palestine cette semaine"},"content":{"rendered":"<p>Une mesure qui sent le d\u00e9j\u00e0-vu. Deux \u00e9lus de gauche de <a href=\"https:\/\/www.20minutes.fr\/societe\/seine-saint-denis\/\" target=\"_blank\" class=\"color-ultramarine c-link\" rel=\"noopener\">Seine-Saint-Denis<\/a>, St\u00e9phane Blanchet (divers gauche), maire de <a href=\"https:\/\/www.20minutes.fr\/dossier\/sevran\" target=\"_blank\" class=\"color-ultramarine c-link\" rel=\"noopener\">Sevran <\/a>et vice-pr\u00e9sident du d\u00e9partement, et Emmanuel Constant (<a href=\"https:\/\/www.20minutes.fr\/politique\/ps\/\" target=\"_blank\" class=\"color-ultramarine c-link\" rel=\"noopener\">PS<\/a>), vice-pr\u00e9sident du d\u00e9partement, ont vu leurs visas annul\u00e9s par <a href=\"https:\/\/www.20minutes.fr\/monde\/israel\/\" target=\"_blank\" class=\"color-ultramarine c-link\" rel=\"noopener\">Isra\u00ebl <\/a>\u00ab\u00a0sans explication\u00a0\u00bb, d\u2019apr\u00e8s un communiqu\u00e9 du conseil d\u00e9partemental publi\u00e9 ce dimanche soir. Ils devaient se rendre en <a href=\"https:\/\/www.20minutes.fr\/monde\/palestine\/\" target=\"_blank\" class=\"color-ultramarine c-link\" rel=\"noopener\">Palestine <\/a>du 30\u00a0avril au 5\u00a0mai avec le R\u00e9seau de coop\u00e9ration d\u00e9centralis\u00e9e pour la Palestine (RCDP) afin de rencontrer \u00ab\u00a0des acteurs de la soci\u00e9t\u00e9 civile isra\u00e9lienne et palestinienne [\u2026] ainsi que des <a href=\"https:\/\/www.20minutes.fr\/dossier\/ong\" target=\"_blank\" class=\"color-ultramarine c-link\" rel=\"noopener\">ONG <\/a>engag\u00e9es pour les droits humains\u00a0\u00bb.<\/p>\n<blockquote class=\"twitter-tweet\" align=\"center\" data-lang=\"fr_FR\">\n<p lang=\"fr\" dir=\"ltr\">\ud83d\udd34 Des \u00e9lus de Seine-Saint-Denis ont vu leurs visas d\u2019entr\u00e9e pour une mission d&rsquo;observation en Palestine annul\u00e9s par Isra\u00ebl, sans aucune explication. Cette sanction politique n\u2019est pas digne d\u2019un pays qui se veut d\u00e9mocratique. La d\u00e9l\u00e9gation voulait porter un message de paix et\u2026 <a href=\"https:\/\/t.co\/nAIX0nlx0O\">pic.twitter.com\/nAIX0nlx0O<\/a><\/p>\n<p>\u2014 St\u00e9phane Troussel (@StephanTroussel) <a href=\"https:\/\/twitter.com\/StephanTroussel\/status\/1916573209777807537?ref_src=twsrc%5Etfw\" target=\"_blank\" rel=\"noopener\">April 27, 2025<\/a><\/p><\/blockquote>\n<p class=\"mb-m@xs text-l@xs\">En cliquant sur\u00ab J\u2019accepte \u00bb, vous acceptez le d\u00e9p\u00f4t de cookies par des services externes et aurez ainsi acc\u00e8s aux contenus de nos partenaires.<\/p>\n<p class=\"mb-xl@xs text-s@xs\">Plus d\u2019informations sur la page<a href=\"https:\/\/www.20minutes.fr\/gestion-cookies\" class=\"mx-xxs@xs color-ultramarine\" target=\"_blank\" rel=\"noopener\">Politique de gestion des cookies<\/a><\/p>\n<p>J\u2019accepte<\/p>\n<p>Le d\u00e9partement et la ville de Sevran disent \u00ab\u00a0condamner fermement cette censure politique\u00a0\u00bb et s\u2019attendre \u00e0 ce que \u00ab\u00a0d\u2019autres \u00e9lus de Seine-Saint-Denis et d\u2019autres collectivit\u00e9s de <a href=\"https:\/\/www.20minutes.fr\/france\/\" target=\"_blank\" class=\"color-ultramarine c-link\" rel=\"noopener\">France <\/a>de cette d\u00e9l\u00e9gation [subissent] la m\u00eame interdiction\u00a0\u00bb. Rappelant \u00ab\u00a0leur attachement \u00e0 la libert\u00e9 d\u2019information, au respect des engagements internationaux et \u00e0 la coop\u00e9ration d\u00e9centralis\u00e9e en faveur d\u2019une paix juste et durable\u00a0\u00bb, les deux localit\u00e9s indiquent que ce d\u00e9placement en Palestine \u00ab\u00a0visait \u00e0 apporter un message de paix, de <a href=\"https:\/\/www.20minutes.fr\/monde\/cessez_le_feu\/\" target=\"_blank\" class=\"color-ultramarine c-link\" rel=\"noopener\">cessez-le-feu<\/a> et de lib\u00e9ration des otages\u00a0\u00bb.<\/p>\n<p>Cette d\u00e9cision des autorit\u00e9s isra\u00e9liennes intervient une semaine apr\u00e8s <a href=\"https:\/\/www.20minutes.fr\/monde\/israel\/4149967-20250423-guerre-israel-hamas-visas-trentaine-elus-gauche-retoques-tel-aviv-appellent-macron\" target=\"_blank\" class=\"color-ultramarine c-link\" rel=\"noopener\">l<\/a><a href=\"https:\/\/www.20minutes.fr\/monde\/israel\/4149967-20250423-guerre-israel-hamas-visas-trentaine-elus-gauche-retoques-tel-aviv-appellent-macron\" target=\"_blank\" class=\"color-ultramarine c-link\" rel=\"noopener\">\u2019annulation des visas de 27 parlementaires fran\u00e7ais<\/a> de gauche deux jours avant leur visite en Isra\u00ebl.<\/p>\n<p><script async src=\"https:\/\/platform.twitter.com\/widgets.js\" charset=\"utf-8\"><\/script><\/p>\n","protected":false},"excerpt":{"rendered":"Une mesure qui sent le d\u00e9j\u00e0-vu. Deux \u00e9lus de gauche de Seine-Saint-Denis, St\u00e9phane Blanchet (divers gauche), maire de&hellip;\n","protected":false},"author":2,"featured_media":58063,"comment_status":"","ping_status":"","sticky":false,"template":"","format":"standard","meta":{"footnotes":""},"categories":[4],"tags":[47,11,3259,9968,1011,27,662,664,12,3518,25,1945,15411,104,4392],"class_list":{"0":"post-58062","1":"post","2":"type-post","3":"status-publish","4":"format-standard","5":"has-post-thumbnail","7":"category-france","8":"tag-actualite","9":"tag-actualites","10":"tag-conflit-israelo-palestinien","11":"tag-departement","12":"tag-fr","13":"tag-france","14":"tag-ile-de-france","15":"tag-israel","16":"tag-news","17":"tag-palestine","18":"tag-republique-francaise","19":"tag-seine-saint-denis","20":"tag-sevran","21":"tag-societe","22":"tag-visa"},"share_on_mastodon":{"url":"https:\/\/pubeurope.com\/@fr\/114412864493365359","error":""},"_links":{"self":[{"href":"https:\/\/www.europesays.com\/fr\/wp-json\/wp\/v2\/posts\/58062","targetHints":{"allow":["GET"]}}],"collection":[{"href":"https:\/\/www.europesays.com\/fr\/wp-json\/wp\/v2\/posts"}],"about":[{"href":"https:\/\/www.europesays.com\/fr\/wp-json\/wp\/v2\/types\/post"}],"author":[{"embeddable":true,"href":"https:\/\/www.europesays.com\/fr\/wp-json\/wp\/v2\/users\/2"}],"replies":[{"embeddable":true,"href":"https:\/\/www.europesays.com\/fr\/wp-json\/wp\/v2\/comments?post=58062"}],"version-history":[{"count":0,"href":"https:\/\/www.europesays.com\/fr\/wp-json\/wp\/v2\/posts\/58062\/revisions"}],"wp:featuredmedia":[{"embeddable":true,"href":"https:\/\/www.europesays.com\/fr\/wp-json\/wp\/v2\/media\/58063"}],"wp:attachment":[{"href":"https:\/\/www.europesays.com\/fr\/wp-json\/wp\/v2\/media?parent=58062"}],"wp:term":[{"taxonomy":"category","embeddable":true,"href":"https:\/\/www.europesays.com\/fr\/wp-json\/wp\/v2\/categories?post=58062"},{"taxonomy":"post_tag","embeddable":true,"href":"https:\/\/www.europesays.com\/fr\/wp-json\/wp\/v2\/tags?post=58062"}],"curies":[{"name":"wp","href":"https:\/\/api.w.org\/{rel}","templated":true}]}}