{"id":580621,"date":"2025-12-05T20:27:11","date_gmt":"2025-12-05T20:27:11","guid":{"rendered":"https:\/\/www.europesays.com\/fr\/580621\/"},"modified":"2025-12-05T20:27:11","modified_gmt":"2025-12-05T20:27:11","slug":"coupe-du-monde-2026-lallemagne-des-les-huitiemes-pour-les-bleus-sports","status":"publish","type":"post","link":"https:\/\/www.europesays.com\/fr\/580621\/","title":{"rendered":"Coupe du monde 2026 : L&rsquo;Allemagne d\u00e8s les huiti\u00e8mes pour les Bleus ? : Sports"},"content":{"rendered":"<p class=\"date\">\n                                                            Axel Allag, Media365, publi\u00e9 le vendredi 05 d\u00e9cembre 2025 \u00e0 21h20\n                                                    <\/p>\n<p>Fix\u00e9s concernant leur phase de groupes, les Bleus de Didier Deschamps pourraient retrouver l&rsquo;Allemagne d\u00e8s les huiti\u00e8mes de finale de la Coupe du monde 2026, et devoir probablement composer avec un parcours tr\u00e8s relev\u00e9 si les s\u00e9lections du chapeau 1 terminent en t\u00eate de leur groupe.<\/p>\n<p>L&rsquo;\u00e9quipe de France sait d\u00e9sormais qu&rsquo;elle \u00e9voluera dans le groupe I lors de la phase de groupes de la Coupe du monde 2026 (11 juin au 19 juillet). Parvenus en finale des deux derni\u00e8res Coupes du monde (succ\u00e8s contre la Croatie en 2018 et d\u00e9faite face \u00e0 l&rsquo;Argentine en 2022), les joueurs dirig\u00e9s par Didier Deschamps devront dans un premier temps prendre la mesure du S\u00e9n\u00e9gal, de la Norv\u00e8ge et du vainqueur du barrage intercontinental (Irak, Bolivie ou Suriname) avant d&rsquo;envisager la suite de la comp\u00e9tition plan\u00e9taire.<\/p>\n<p>Allemagne, Pays-Bas et Espagne avant de retrouver l&rsquo;Argentine en finale ?<\/p>\n<p>S&rsquo;ils parvenaient \u00e0 sortir en t\u00eate du groupe I, les co\u00e9quipiers de Kylian Mbapp\u00e9 continueraient leur aventure du c\u00f4t\u00e9 de New York pour un seizi\u00e8me de finale face \u00e0 l&rsquo;un des huit meilleurs troisi\u00e8mes de groupe. Cela avant de tr\u00e8s probablement retrouver l&rsquo;Allemagne pour une tr\u00e8s belle affiche en huiti\u00e8me de finale de la Coupe du monde 2026. La suite potentielle ne serait pas mal non plus, avec un potentiel quart de finale contre les Pays-Bas (voire le Maroc ou le Br\u00e9sil). C&rsquo;est ensuite l&rsquo;Espagne, l&rsquo;ogre de cette partie de tableau, qui pourrait \u00eatre l&rsquo;adversaire des Bleus en en demi-finales, pour un nouvel affrontement potentiel apr\u00e8s la demi-finale du dernier Euro (2-1 pour la Roja) mais aussi de la r\u00e9cente Ligue des nations (d\u00e9faite 5-4 des Bleus).<\/p>\n<p>La suite ne serait rien de moins qu&rsquo;une possible nouvelle finale contre l&rsquo;Argentine, pour un possible remake de celle perdue il y a quatre ans au Qatar (3-3 ; 4 tirs au but \u00e0 2). A moins, bien s\u00fbr, que l&rsquo;Angleterre d&rsquo;Harry Kane ne r\u00e9alise une tr\u00e8s belle prestation au tour pr\u00e9c\u00e9dent et ne parvienne en finale pour possiblement d\u00e9fier les Bleus de Didier Deschamps, qui devront franchir de nombreuses et tr\u00e8s difficiles \u00e9tapes dans leur r\u00eave d&rsquo;une troisi\u00e8me \u00e9toile, en Am\u00e9rique lors de l&rsquo;\u00e9t\u00e9 2026.<\/p>\n","protected":false},"excerpt":{"rendered":"Axel Allag, Media365, publi\u00e9 le vendredi 05 d\u00e9cembre 2025 \u00e0 21h20 Fix\u00e9s concernant leur phase de groupes, les&hellip;\n","protected":false},"author":2,"featured_media":580622,"comment_status":"","ping_status":"","sticky":false,"template":"","format":"standard","meta":{"footnotes":""},"categories":[1587],"tags":[11,672,1804,1805,1803,1777,674,1801,12,1802],"class_list":{"0":"post-580621","1":"post","2":"type-post","3":"status-publish","4":"format-standard","5":"has-post-thumbnail","7":"category-allemagne","8":"tag-actualites","9":"tag-allemagne","10":"tag-bundesrepublik-deutschland","11":"tag-de","12":"tag-deutschland","13":"tag-eu","14":"tag-europe","15":"tag-germany","16":"tag-news","17":"tag-republique-federale-dallemagne"},"share_on_mastodon":{"url":"https:\/\/pubeurope.com\/@fr\/115668847472707759","error":""},"_links":{"self":[{"href":"https:\/\/www.europesays.com\/fr\/wp-json\/wp\/v2\/posts\/580621","targetHints":{"allow":["GET"]}}],"collection":[{"href":"https:\/\/www.europesays.com\/fr\/wp-json\/wp\/v2\/posts"}],"about":[{"href":"https:\/\/www.europesays.com\/fr\/wp-json\/wp\/v2\/types\/post"}],"author":[{"embeddable":true,"href":"https:\/\/www.europesays.com\/fr\/wp-json\/wp\/v2\/users\/2"}],"replies":[{"embeddable":true,"href":"https:\/\/www.europesays.com\/fr\/wp-json\/wp\/v2\/comments?post=580621"}],"version-history":[{"count":0,"href":"https:\/\/www.europesays.com\/fr\/wp-json\/wp\/v2\/posts\/580621\/revisions"}],"wp:featuredmedia":[{"embeddable":true,"href":"https:\/\/www.europesays.com\/fr\/wp-json\/wp\/v2\/media\/580622"}],"wp:attachment":[{"href":"https:\/\/www.europesays.com\/fr\/wp-json\/wp\/v2\/media?parent=580621"}],"wp:term":[{"taxonomy":"category","embeddable":true,"href":"https:\/\/www.europesays.com\/fr\/wp-json\/wp\/v2\/categories?post=580621"},{"taxonomy":"post_tag","embeddable":true,"href":"https:\/\/www.europesays.com\/fr\/wp-json\/wp\/v2\/tags?post=580621"}],"curies":[{"name":"wp","href":"https:\/\/api.w.org\/{rel}","templated":true}]}}