{"id":580639,"date":"2025-12-05T20:41:13","date_gmt":"2025-12-05T20:41:13","guid":{"rendered":"https:\/\/www.europesays.com\/fr\/580639\/"},"modified":"2025-12-05T20:41:13","modified_gmt":"2025-12-05T20:41:13","slug":"cyclisme-une-jurassienne-a-roule-avec-tadej-pogacar-quadruple-vainqueur-du-tour-de-france","status":"publish","type":"post","link":"https:\/\/www.europesays.com\/fr\/580639\/","title":{"rendered":"Cyclisme. Une Jurassienne a roul\u00e9 avec Tadej Poga\u010dar, quadruple vainqueur du Tour de France"},"content":{"rendered":"<p>Il y a d\u2019abord eu l\u2019effet de surprise. Puis le c\u0153ur qui s\u2019emballe. Le \u00ab\u00a0simple\u00a0\u00bb d\u00e9passement d\u2019un cycliste en maillot de champion du monde a suffi \u00e0 cr\u00e9er cet \u00e9lectrochoc, ce jeudi, pour Orlane Lavry.<\/p>\n<p>D\u00e9sormais install\u00e9e \u00e0 Nice pour un master en direction artistique, la Jurassienne a crois\u00e9\u2026 <a href=\"https:\/\/www.leprogres.fr\/sport\/2025\/11\/03\/une-statue-doree-de-tadej-pogacar-inauguree-a-abou-dhabi\" target=\"_blank\" rel=\"noopener\">Tadej Poga\u010dar en personne<\/a> \u00a0: \u00ab\u00a0J\u2019\u00e9tais en train de rouler avec mon ami quand, d\u2019un coup, il nous a doubl\u00e9s. Sur le moment, on s\u2019est regard\u00e9 et on n\u2019a pas trop compris, rembobine Orlane Lavry. Puis, on s\u2019est dit qu\u2019on allait essayer de le rattraper pour faire une photo avec lui.\u00a0\u00bb<\/p>\n<p>  \u00ab\u00a0Lui \u00e9tait tranquille\u2026 Et nous \u00e0 fond\u00a0\u00bb<\/p>\n<p>Partir \u00e0 la chasse au \u201cPogi\u201d n\u2019est pas une chose facile. Beaucoup d\u2019adversaires du Slov\u00e8ne en conviendront. Orlane Lavry aussi. \u00ab\u00a0On a gal\u00e9r\u00e9 pour revenir. Lui \u00e9tait tranquille\u2026 Et nous \u00e0 fond\u00a0! L\u00e0, on mesure vraiment l\u2019\u00e9cart entre nous, \u201csimples\u201d amateurs, et lui, quadruple vainqueur du Tour de France. Nous sommes rest\u00e9s derri\u00e8re lui pendant cinq minutes, nous ne voulions pas trop le d\u00e9ranger. Mon ami a r\u00e9ussi \u00e0 monter \u00e0 sa hauteur pour faire un selfie et moi, quelques vid\u00e9os pour les souvenirs.\u00a0\u00bb<\/p>\n<p>Mise en ligne sur ses r\u00e9seaux sociaux, la s\u00e9quence est vite devenue virale avec pr\u00e8s de 20\u00a0000 mentions \u00ab\u00a0j\u2019aime\u00a0\u00bb en quelques heures pour la cycliste suivie par pr\u00e8s de 29\u00a0000 followers. Un joli cadeau de No\u00ebl pour Orlane Lavry en pleine pr\u00e9paration d\u2019une saison 2026 o\u00f9 elle esp\u00e8re briller.<\/p>\n<p>L\u2019athl\u00e8te de 21 ans originaire de Baverans a rejoint cet hiver l\u2019\u00e9quipe d\u2019Istres Sport Cyclisme pour la course sur route en Nationale 2 tout en restant <a href=\"https:\/\/www.leprogres.fr\/sport\/2024\/09\/15\/yannis-musy-et-orlane-lavry-ont-fait-la-course-en-tete-a-moissey\" target=\"_blank\" rel=\"noopener\">avec le VC Dolois pour le VTT<\/a>.<\/p>\n","protected":false},"excerpt":{"rendered":"Il y a d\u2019abord eu l\u2019effet de surprise. Puis le c\u0153ur qui s\u2019emballe. Le \u00ab\u00a0simple\u00a0\u00bb d\u00e9passement d\u2019un cycliste&hellip;\n","protected":false},"author":2,"featured_media":580640,"comment_status":"","ping_status":"","sticky":false,"template":"","format":"standard","meta":{"footnotes":""},"categories":[1411],"tags":[1154,207,42096,42097,14809,107,1011,27,1826,517,60,60107],"class_list":{"0":"post-580639","1":"post","2":"type-post","3":"status-publish","4":"format-standard","5":"has-post-thumbnail","7":"category-cyclisme","8":"tag-cycling","9":"tag-cyclisme","10":"tag-dole","11":"tag-dole-ville","12":"tag-edition-jura-nord","13":"tag-fil-info","14":"tag-fr","15":"tag-france","16":"tag-jura","17":"tag-sport","18":"tag-sports","19":"tag-tour-de-france-hommes"},"share_on_mastodon":{"url":"https:\/\/pubeurope.com\/@fr\/115668902537829962","error":""},"_links":{"self":[{"href":"https:\/\/www.europesays.com\/fr\/wp-json\/wp\/v2\/posts\/580639","targetHints":{"allow":["GET"]}}],"collection":[{"href":"https:\/\/www.europesays.com\/fr\/wp-json\/wp\/v2\/posts"}],"about":[{"href":"https:\/\/www.europesays.com\/fr\/wp-json\/wp\/v2\/types\/post"}],"author":[{"embeddable":true,"href":"https:\/\/www.europesays.com\/fr\/wp-json\/wp\/v2\/users\/2"}],"replies":[{"embeddable":true,"href":"https:\/\/www.europesays.com\/fr\/wp-json\/wp\/v2\/comments?post=580639"}],"version-history":[{"count":0,"href":"https:\/\/www.europesays.com\/fr\/wp-json\/wp\/v2\/posts\/580639\/revisions"}],"wp:featuredmedia":[{"embeddable":true,"href":"https:\/\/www.europesays.com\/fr\/wp-json\/wp\/v2\/media\/580640"}],"wp:attachment":[{"href":"https:\/\/www.europesays.com\/fr\/wp-json\/wp\/v2\/media?parent=580639"}],"wp:term":[{"taxonomy":"category","embeddable":true,"href":"https:\/\/www.europesays.com\/fr\/wp-json\/wp\/v2\/categories?post=580639"},{"taxonomy":"post_tag","embeddable":true,"href":"https:\/\/www.europesays.com\/fr\/wp-json\/wp\/v2\/tags?post=580639"}],"curies":[{"name":"wp","href":"https:\/\/api.w.org\/{rel}","templated":true}]}}