{"id":58064,"date":"2025-04-28T00:55:10","date_gmt":"2025-04-28T00:55:10","guid":{"rendered":"https:\/\/www.europesays.com\/fr\/58064\/"},"modified":"2025-04-28T00:55:10","modified_gmt":"2025-04-28T00:55:10","slug":"inacceptable-pourquoi-lelimination-de-lol-en-demi-finale-de-ligue-des-champions-feminine-ne-passe-pas","status":"publish","type":"post","link":"https:\/\/www.europesays.com\/fr\/58064\/","title":{"rendered":"\u00ab Inacceptable \u00bb : pourquoi l\u2019\u00e9limination de l\u2019OL en demi-finale de Ligue des champions f\u00e9minine ne passe pas"},"content":{"rendered":"<p class=\"paragraph text_align_left\">Et dire que les dirigeants lyonnais r\u00eavaient de faire de ce match une grande f\u00eate du <a href=\"https:\/\/www.leparisien.fr\/sports\/football\/\" target=\"_blank\" rel=\"noreferrer nofollow noopener\">football <\/a>f\u00e9minin\u2026 Le concert de DJ Feder, pr\u00e9vu pour clore la soir\u00e9e, a finalement eu un go\u00fbt amer pour les quelque 20 000 spectateurs du Groupama Stadium, \u00e0 l\u2019exception du demi-millier de supporters d\u2019Arsenal pr\u00e9sents ce dimanche \u00e0 D\u00e9cines. <\/p>\n<p class=\"legal-notices lp-f-ui-06 lp-color-text-muted lp-mb-07\">LES JEUX D&rsquo;ARGENT ET DE HASARD PEUVENT \u00caTRE DANGEREUX : PERTES D&rsquo;ARGENT, CONFLITS FAMILIAUX, ADDICTION\u2026 RETROUVEZ NOS CONSEILS SUR <a href=\"https:\/\/joueurs-info-service.fr\/\" class=\"lp-color-text-muted\" rel=\"nofollow noopener\" target=\"_blank\">JOUEURS-INFO-SERVICE.FR<\/a> (09 74 75 13 13 &#8211; APPEL NON SURTAX\u00c9)<\/p>\n<p class=\"paragraph text_align_left\">Humili\u00e9es comme jamais \u00e0 domicile en Coupe d\u2019Europe, les Lyonnaises ont sombr\u00e9, notamment sur le plan d\u00e9fensif, \u00e0 l\u2019image de la sortie totalement manqu\u00e9e de la gardienne chilienne Christiane Endler sur corner, offrant un but contre son camp aux Anglaises d\u00e8s la 5e minute.<\/p>\n<p class=\"paragraph text_align_left\">Le ton \u00e9tait donn\u00e9. Et il ne changera plus : des Fenottes inoffensives, une d\u00e9fense d\u00e9bord\u00e9e, et des Gunners en totale r\u00e9ussite. Le but de Melchie Dumornay (1-4, 83e) n\u2019aura rien chang\u00e9 \u00e0 l\u2019issue du match, malgr\u00e9 un bref espoir pour <a href=\"https:\/\/www.leparisien.fr\/sports\/football\/ligue-des-champions\/creer-une-atmosphere-familiale-face-a-arsenal-lol-feminin-veut-creer-une-veritable-base-de-supporters-27-04-2025-6HTBYHIKTFDDLE7COTGZWNNEMQ.php\" target=\"_blank\" rel=\"noreferrer nofollow noopener\">le public familial<\/a> encore pr\u00eat \u00e0 y croire. Les Lyonnaises, qui n\u2019ont plus gagn\u00e9 la <a href=\"https:\/\/www.leparisien.fr\/sports\/football\/ligue-des-champions\/\" target=\"_blank\" rel=\"noreferrer nofollow noopener\">Ligue des champions<\/a> depuis 2022, restaient sur 11 victoires cons\u00e9cutives en demi-finales, apr\u00e8s avoir perdu leurs deux premi\u00e8res \u00e0 ce stade de la comp\u00e9tition.<\/p>\n<p>\u00ab \u00c0 la fin de la saison, nous tirerons un bilan \u00bb<\/p>\n<p class=\"paragraph text_align_left\">Face \u00e0 ce naufrage, pas question pour les joueuses lyonnaises de chercher des excuses. Vanessa Gilles, d\u00e9fenseuse centrale, a rapidement endoss\u00e9 sa part de responsabilit\u00e9 : \u00ab Individuellement, je n\u2019\u00e9tais pas dans le match, donc je prends \u00e7a pour moi aussi. Mais collectivement, il faut qu\u2019on soit meilleures. Ce n\u2019est pas assez bien pour une \u00e9quipe comme l\u2019Olympique Lyonnais. \u00bb La Canadienne, abattue, a d\u00e9nonc\u00e9 une attitude g\u00e9n\u00e9rale \u00ab inacceptable \u00bb, tant dans l\u2019intensit\u00e9 que dans l\u2019envie : \u00ab Comment on a jou\u00e9, l\u2019intensit\u00e9 qu\u2019on a mise d\u00e8s le d\u00e9but, la passion m\u00eame\u2026 C\u2019est simplement inacceptable. \u00bb<\/p>\n<p class=\"paragraph text_align_left\">Du c\u00f4t\u00e9 de la direction, la d\u00e9ception est immense. \u00ab \u00c7a a \u00e9t\u00e9 un match sans, \u00e0 tous les niveaux \u00bb, a reconnu Vincent Ponsot, directeur g\u00e9n\u00e9ral de l\u2019OL f\u00e9minin. Mais au-del\u00e0 de l\u2019\u00e9motion imm\u00e9diate, il promet une r\u00e9flexion de fond : \u00ab \u00c0 la fin de la saison, nous tirerons un bilan, que ce soit au niveau de l\u2019effectif, du staff, de tout le monde, y compris nous-m\u00eames, pour tirer les le\u00e7ons de ce qui s\u2019est pass\u00e9 \u00bb. Si Ponsot assure que le match n\u2019a pas \u00e9t\u00e9 pris \u00e0 la l\u00e9g\u00e8re malgr\u00e9 <a href=\"https:\/\/www.leparisien.fr\/sports\/football\/ligue-des-champions\/arsenal-ol-feminin-1-2-le-resume-du-beau-succes-lyonnais-en-demi-finale-aller-de-ligue-des-champions-19-04-2025-W56ECAS5XJEHXLHQKNRAMP6X5U.php\" target=\"_blank\" rel=\"noreferrer nofollow noopener\">la victoire au match aller<\/a>, il admet aussi qu\u2019avec le palmar\u00e8s de l\u2019OL, \u00ab on peut s\u2019attendre \u00e0 beaucoup mieux \u00bb.<\/p>\n<p>\u00ab J\u2019en prends l\u2019enti\u00e8re responsabilit\u00e9 \u00bb<\/p>\n<p class=\"paragraph text_align_left\">Face \u00e0 l\u2019\u00e9chec collectif, l\u2019entra\u00eeneur Joe Montemurro, visiblement secou\u00e9, a lui aussi pris sa part : \u00ab Je suis perplexe, je ressens beaucoup de confusion et je n\u2019ai pas les mots pour exprimer ce que je ressens. (\u2026) C\u2019est inacceptable pour ce club et j\u2019en prends l\u2019enti\u00e8re responsabilit\u00e9. \u00bb Interrog\u00e9 sur ses choix tactiques, comme celui de titulariser Ada Hegerberg en pointe et de reculer ainsi Melchie Dumornay, l\u2019Australien ne s\u2019est pas d\u00e9mont\u00e9 : \u00ab Si vous voulez me juger sur un seul match, faites-le, ce n\u2019est pas mon probl\u00e8me, mais je pense que cela fait partie du m\u00e9tier d\u2019entra\u00eeneur \u00bb.<\/p>\n<p class=\"paragraph text_align_left\">Quant aux nombreuses erreurs individuelles, il a pr\u00e9f\u00e9r\u00e9 botter en touche : \u00ab Je suis toujours derri\u00e8re les joueuses. Elles n\u2019avaient commis aucune erreur lors des 29 pr\u00e9c\u00e9dents matchs et elles sont toutes arriv\u00e9es le m\u00eame soir. \u00c9tait-ce la pression, le pressing d\u2019Arsenal ? Peut-\u00eatre un peu de tout\u2026 Apr\u00e8s, les erreurs font partie du football. \u00bb<\/p>\n<p class=\"paragraph text_align_left\">La d\u00e9ception est d\u2019autant plus forte que tout avait \u00e9t\u00e9 organis\u00e9 pour vivre une grande soir\u00e9e. Le contraste entre l\u2019ambiance festive pr\u00e9vue et le spectacle sur le terrain n\u2019en est que plus cruel. \u00ab Notre saison est ax\u00e9e sur la Ligue des champions. Pour un club et une institution comme l\u2019OL, c\u2019est inacceptable \u00bb, a martel\u00e9 une derni\u00e8re fois Vanessa Gilles.<\/p>\n","protected":false},"excerpt":{"rendered":"Et dire que les dirigeants lyonnais r\u00eavaient de faire de ce match une grande f\u00eate du football f\u00e9minin\u2026&hellip;\n","protected":false},"author":2,"featured_media":58065,"comment_status":"","ping_status":"","sticky":false,"template":"","format":"standard","meta":{"footnotes":""},"categories":[2],"tags":[11,63,1011,27,447,12,60],"class_list":{"0":"post-58064","1":"post","2":"type-post","3":"status-publish","4":"format-standard","5":"has-post-thumbnail","7":"category-actualites","8":"tag-actualites","9":"tag-football","10":"tag-fr","11":"tag-france","12":"tag-ligue-des-champions","13":"tag-news","14":"tag-sports"},"share_on_mastodon":{"url":"https:\/\/pubeurope.com\/@fr\/114412868260937565","error":""},"_links":{"self":[{"href":"https:\/\/www.europesays.com\/fr\/wp-json\/wp\/v2\/posts\/58064","targetHints":{"allow":["GET"]}}],"collection":[{"href":"https:\/\/www.europesays.com\/fr\/wp-json\/wp\/v2\/posts"}],"about":[{"href":"https:\/\/www.europesays.com\/fr\/wp-json\/wp\/v2\/types\/post"}],"author":[{"embeddable":true,"href":"https:\/\/www.europesays.com\/fr\/wp-json\/wp\/v2\/users\/2"}],"replies":[{"embeddable":true,"href":"https:\/\/www.europesays.com\/fr\/wp-json\/wp\/v2\/comments?post=58064"}],"version-history":[{"count":0,"href":"https:\/\/www.europesays.com\/fr\/wp-json\/wp\/v2\/posts\/58064\/revisions"}],"wp:featuredmedia":[{"embeddable":true,"href":"https:\/\/www.europesays.com\/fr\/wp-json\/wp\/v2\/media\/58065"}],"wp:attachment":[{"href":"https:\/\/www.europesays.com\/fr\/wp-json\/wp\/v2\/media?parent=58064"}],"wp:term":[{"taxonomy":"category","embeddable":true,"href":"https:\/\/www.europesays.com\/fr\/wp-json\/wp\/v2\/categories?post=58064"},{"taxonomy":"post_tag","embeddable":true,"href":"https:\/\/www.europesays.com\/fr\/wp-json\/wp\/v2\/tags?post=58064"}],"curies":[{"name":"wp","href":"https:\/\/api.w.org\/{rel}","templated":true}]}}