{"id":580642,"date":"2025-12-05T20:43:13","date_gmt":"2025-12-05T20:43:13","guid":{"rendered":"https:\/\/www.europesays.com\/fr\/580642\/"},"modified":"2025-12-05T20:43:13","modified_gmt":"2025-12-05T20:43:13","slug":"a-21-ans-son-petit-fils-cameron-hallyday-est-son-parfait-sosie","status":"publish","type":"post","link":"https:\/\/www.europesays.com\/fr\/580642\/","title":{"rendered":"\u00e0 21 ans, son petit-fils Cameron Hallyday est son parfait sosie !"},"content":{"rendered":"<p><a href=\"https:\/\/www.mariefrance.fr\/news-people\/8-ans-apres-mort-johnny-hallyday-laeticia-partage-video-intime-bouleversante-aime-toujours-1225336.html\" target=\"_blank\" rel=\"noopener\"><br \/>\nHuit ans apr\u00e8s la mort de Johnny<\/a> Hallyday, on demande<br \/>\n<strong>le sosie du Taulier !<\/strong> Ce titre, David Hallyday l\u2019a<br \/>\nl\u00e9gu\u00e9 \u00e0 son benjamin, Cameron Hallyday. Le lien de filiation est<br \/>\nind\u00e9niable. \u00c0 chaque fois qu\u2019il publie sur les r\u00e9seaux sociaux, le<br \/>\ndiscret jeune homme de 21 ans est <a href=\"https:\/\/www.mariefrance.fr\/beaute\/johnny-hallyday-petit-fils-cameron-hallyday-portrait-crache-video-sylvie-vartan-prouve-1067043.html\" target=\"_blank\" rel=\"noopener\"><br \/>\nimmanquablement compar\u00e9 \u00e0 son grand-p\u00e8re<\/a>. Et \u00e0 raison !<\/p>\n<p>Quand \u00e7a lui prend, le fils de David Hallyday et d\u2019Alexandra<br \/>\nPastor gratifie les inconditionnels du clan d\u2019un selfie miroir en<br \/>\nstory Instagram. En mai 2024 \u00e9tait l\u2019une de ces rares occasions de<br \/>\ns\u2019assurer que <strong>l\u2019h\u00e9ritage rock\u2019n\u2019roll<\/strong> \u00e9tait<br \/>\ntoujours vivant.<\/p>\n<p>Cameron Hallyday, l\u00a0\u00bbesprit <strong>rock\u2019n\u2019roll<\/strong> en<br \/>\nh\u00e9ritage<\/p>\n<p>Nul doute que le sang de Johnny Hallyday coule dans les veines<br \/>\nde son petit-fils. Sur l\u2019image, on peut le voir en train de prendre<br \/>\nla pose, t\u00e9l\u00e9phone \u00e0 la main. M\u00eame si le selfie est flou, on voit<br \/>\nque la star d\u00e9c\u00e9d\u00e9e en d\u00e9cembre 2017 et son petit-fils Cameron<br \/>\nHallyday ont <strong>le m\u00eame nez l\u00e9g\u00e8rement pointu<\/strong> et<br \/>\nsurtout <strong>la m\u00eame chevelure abondante<\/strong>.<\/p>\n<p>Il n\u2019y a pas que ces traits distinctifs qui font de Cameron<br \/>\nHallyday une (presque) copie conforme de sa l\u00e9gende de grand-p\u00e8re.<br \/>\nEn effet, le demi-fr\u00e8re d\u2019Ilona et Emma Smet arbore toute<br \/>\n<strong>la panoplie du rockeur<\/strong>.<\/p>\n<p><img loading=\"lazy\" decoding=\"async\" aria-describedby=\"caption-attachment-1167907\" itemprop=\"thumbnailUrl\" class=\"size-medium wp-image-1167907 img-responsive\" src=\"https:\/\/www.europesays.com\/fr\/wp-content\/uploads\/2025\/12\/1-74-680x383.jpg\" alt=\"&lt;p&gt;Cameron Hallyday&lt;\/p&gt;\" width=\"680\" height=\"383\"\/> \u00a9 Instagram\/@cam.smet<\/p>\n<p id=\"caption-attachment-1167907\" class=\"wp-caption-text\">Cameron<br \/>\nHallyday<\/p>\n<p>Cameron Hallyday arbore un symbole majeur de l&rsquo;iconographie de<br \/>\nJohnny Hallyday<\/p>\n<p>Sur ce clich\u00e9, il porte un d\u00e9bardeur gris orn\u00e9 du logo du groupe<br \/>\nde heavy metal britannique Iron Maiden. Il a aussi des lunettes de<br \/>\nsoleil bleues et un sac \u00e0 dos noir sur une \u00e9paule. Pour parfaire<br \/>\nson look, le jeune homme a ajout\u00e9 deux colliers en argent, dont<br \/>\n<strong>un pendentif en forme de croix<\/strong>, un symbole majeur<br \/>\nde l&rsquo;iconographie de Johnny Hallyday. La coiffure en bataille finit<br \/>\ncette allure glam metal.<\/p>\n<p>Actuellement en tourn\u00e9e dans toute la France avec son album<br \/>\nRequiem pour un fou, David Hallyday avait \u00e9voqu\u00e9<br \/>\n<strong>les derniers acteurs de la saga familiale<\/strong> dans les<br \/>\ncolonnes de Gala en avril dernier. \u00ab\u00a0Mes enfants font<br \/>\npartie de cette histoire, c\u2019est donc dans la suite logique qu\u2019ils<br \/>\nfassent partie de ce show\u00a0\u00bb, avait confi\u00e9 le fils de Johnny<br \/>\nHallyday et Sylvie Vartan.<\/p>\n<p><img loading=\"lazy\" decoding=\"async\" aria-describedby=\"caption-attachment-1167908\" class=\"size-medium wp-image-1167908 img-responsive\" src=\"https:\/\/www.europesays.com\/fr\/wp-content\/uploads\/2025\/12\/capture-decran-2025-05-23-a-14.12.23-294x500.png\" alt=\"Cameron Hallyday\" width=\"294\" height=\"500\"\/><br \/>\n\u00a9<br \/>\nInstagram\/@cam.smet<\/p>\n<p id=\"caption-attachment-1167908\" class=\"wp-caption-text\">Cameron<br \/>\nHallyday<\/p>\n<p>Un autre acteur dans le clan Hallyday<br \/>\n?<\/p>\n<p>L\u2019interpr\u00e8te de Tu ne m\u2019as pas laiss\u00e9 le temps avait<br \/>\nensuite d\u00e9voil\u00e9 que <a href=\"https:\/\/www.mariefrance.fr\/news-people\/david-hallyday-rares-confidences-fils-cameron-leo-laura-smet-1134410.html\" target=\"_blank\" rel=\"noopener\"><br \/>\nses trois enfants<\/a> sont des <strong>\u00ab\u00a0tous<br \/>\nartistes\u00a0\u00bb<\/strong>. \u00ab\u00a0Mon fils Cameron, lui, est tr\u00e8s branch\u00e9<br \/>\ncin\u00e9ma, adore la mode, dessine super bien, et je pense qu\u2019il veut<br \/>\nse lancer plus tard dans le septi\u00e8me art\u00a0\u00bb, avait-il d\u00e9clar\u00e9.<br \/>\nAvant d\u2019ajouter : \u00ab\u00a0Cameron a une t\u00eate d\u2019acteur et, dans le<br \/>\nfond, je le r\u00e9p\u00e8te, notre famille est particuli\u00e8re. Nous avons tous<br \/>\nune fibre artistique, et je voulais raconter \u00e7a \u00e0 ma<br \/>\nmani\u00e8re\u00a0\u00bb.<\/p>\n<blockquote class=\"instagram-media\" style=\"background: #ffffff;border: 0;margin: 1px;width: 100%;padding: 0;max-width: 500px;\" data-instgrm-permalink=\"https:\/\/www.instagram.com\/p\/DH3MKWtKUk4\/\" data-instgrm-version=\"14\"\/>\n<p>Comme <a href=\"https:\/\/www.mariefrance.fr\/beaute\/laura-smet-transformee-adieu-longueur-fille-johnny-coupe-cheveux-nouvelle-coiffure-lui-merveille-1157861.html\" target=\"_blank\" rel=\"noopener\"><br \/>\nsa tante Laura Smet<\/a> et sa demi-s\u0153ur Emma Smet, Cameron Hallyday<br \/>\npourrait donc un jour embrasser <strong>une carri\u00e8re dans le<br \/>\ncin\u00e9ma<\/strong>. David Hallyday est formel, son fils ne compte pas<br \/>\nallumer le feu sur une quelconque sc\u00e8ne. \u00ab\u00a0Si le but de my son<br \/>\n\u00e9tait de marcher sur les traces de son grand-p\u00e8re, je le saurais !<br \/>\nEt ce n\u2019est pas le cas !\u00a0\u00bb, avait-il assur\u00e9.<\/p>\n<p><script async src=\"\/\/www.instagram.com\/embed.js\"><\/script><\/p>\n","protected":false},"excerpt":{"rendered":"Huit ans apr\u00e8s la mort de Johnny Hallyday, on demande le sosie du Taulier ! Ce titre, David&hellip;\n","protected":false},"author":2,"featured_media":580643,"comment_status":"","ping_status":"","sticky":false,"template":"","format":"standard","meta":{"footnotes":""},"categories":[1359],"tags":[21303,58,59,1011,27,973,6055],"class_list":{"0":"post-580642","1":"post","2":"type-post","3":"status-publish","4":"format-standard","5":"has-post-thumbnail","7":"category-people","8":"tag-buzz_nonli","9":"tag-divertissement","10":"tag-entertainment","11":"tag-fr","12":"tag-france","13":"tag-people","14":"tag-republishing"},"share_on_mastodon":{"url":"https:\/\/pubeurope.com\/@fr\/115668911944450936","error":""},"_links":{"self":[{"href":"https:\/\/www.europesays.com\/fr\/wp-json\/wp\/v2\/posts\/580642","targetHints":{"allow":["GET"]}}],"collection":[{"href":"https:\/\/www.europesays.com\/fr\/wp-json\/wp\/v2\/posts"}],"about":[{"href":"https:\/\/www.europesays.com\/fr\/wp-json\/wp\/v2\/types\/post"}],"author":[{"embeddable":true,"href":"https:\/\/www.europesays.com\/fr\/wp-json\/wp\/v2\/users\/2"}],"replies":[{"embeddable":true,"href":"https:\/\/www.europesays.com\/fr\/wp-json\/wp\/v2\/comments?post=580642"}],"version-history":[{"count":0,"href":"https:\/\/www.europesays.com\/fr\/wp-json\/wp\/v2\/posts\/580642\/revisions"}],"wp:featuredmedia":[{"embeddable":true,"href":"https:\/\/www.europesays.com\/fr\/wp-json\/wp\/v2\/media\/580643"}],"wp:attachment":[{"href":"https:\/\/www.europesays.com\/fr\/wp-json\/wp\/v2\/media?parent=580642"}],"wp:term":[{"taxonomy":"category","embeddable":true,"href":"https:\/\/www.europesays.com\/fr\/wp-json\/wp\/v2\/categories?post=580642"},{"taxonomy":"post_tag","embeddable":true,"href":"https:\/\/www.europesays.com\/fr\/wp-json\/wp\/v2\/tags?post=580642"}],"curies":[{"name":"wp","href":"https:\/\/api.w.org\/{rel}","templated":true}]}}