{"id":580646,"date":"2025-12-05T20:46:19","date_gmt":"2025-12-05T20:46:19","guid":{"rendered":"https:\/\/www.europesays.com\/fr\/580646\/"},"modified":"2025-12-05T20:46:19","modified_gmt":"2025-12-05T20:46:19","slug":"satire-a-vue-rtl-recoit-wolfgang-amadeus-blanquer","status":"publish","type":"post","link":"https:\/\/www.europesays.com\/fr\/580646\/","title":{"rendered":"[SATIRE \u00c0 VUE] RTL re\u00e7oit Wolfgang Amadeus Blanquer"},"content":{"rendered":"<p><strong>Jean-Michel Blanquer est l&rsquo;invit\u00e9 du journal inattendu de <a href=\"https:\/\/www.youtube.com\/watch?v=reKo8yUlbZY\" target=\"_blank\" rel=\"noopener\">RTL<\/a> pour son livre Civilisation fran\u00e7aise (\u00c9ditions Albin Michel). En fin d&rsquo;\u00e9mission, l&rsquo;ex-ministre fait entendre une chanson qu&rsquo;il a r\u00e9alis\u00e9e via l&rsquo;IA de son ordinateur. La s\u00e9quence r\u00e9volte \u00c9tienne Gu\u00e9reau, musicien de haut niveau et farouche partisan d&rsquo;une cr\u00e9ation naturelle.<\/strong><\/p>\n<p>\u00a0<\/p>\n<p>Pour la venue de Jean-Michel Blanquer dans Le Journal inattendu de RTL, l&rsquo;animateur de l&rsquo;\u00e9mission n&rsquo;a pas de sirop plus onctueux que celui qu&rsquo;il va d\u00e9verser sur ce prodige toutes cat\u00e9gories. Champion de descente dans le classement PISA, \u00e9crivain, ex-parachut\u00e9 sur Montargis, intermittent du macronisme&#8230;. Une heure sera consacr\u00e9e \u00e0 cet invit\u00e9 exceptionnel. Le meilleur sera pour la fin. La cerise sur une carri\u00e8re \u00e9poustouflante est soumise \u00e0 la sagacit\u00e9 des auditeurs : l&rsquo;homme compose. Wolfgang Amadeus Blanquer fut touch\u00e9 par une inspiration divine devant un logiciel de musique utilisant l&rsquo;intelligence artificielle. Sa modestie est rest\u00e9e intacte.<\/p>\n<p>D&rsquo;un doigt, il pla\u00e7a un accompagnement de style country, des deux autres, il saupoudra un nuage de Bob Dylan, et \u00e0 sa voix \u00e9chantillonn\u00e9e, il fit chanter une m\u00e9lodie tir\u00e9e au hasard dans un sac d&rsquo;algorithmes. Le tout sur un po\u00e8me de Rimbaud. L&rsquo;\u0153uvre est l\u00e0.<\/p>\n<p>Le Mozart de l&rsquo;IA<\/p>\n<p>Entre la construction d&rsquo;une tour Eiffel en allumettes et le bricolage informatique, Jean-S\u00e9bastien Blanquer n&rsquo;h\u00e9sita pas une seule seconde. Le d\u00e9mon de la cantate \u00e9tait entr\u00e9 dans son bureau. Il n&rsquo;en ressortirait que pieds et poings li\u00e9s. Pr\u00eat \u00e0 \u00eatre livr\u00e9 aux oreilles d&rsquo;\u00c9tienne Gu\u00e9reau, musicien accompli et auteur de nombreuses vid\u00e9os, sur YouTube. L&rsquo;effondrement musical des James Bond\u00a0l&rsquo;avait constern\u00e9. Celui de l&rsquo;\u00e9mission va l&rsquo;achever. Dans un \u00e9lan de parfaite lucidit\u00e9, le sp\u00e9cialiste torpille l&rsquo;int\u00e9gralit\u00e9 de la s\u00e9quence. Complaisance de l&rsquo;animateur qui, en 60 minutes, parvient \u00e0 ne pas aborder le recul massif du niveau des \u00e9l\u00e8ves, ineptie d&rsquo;une IA g\u00e9n\u00e9rative qui \u00ab\u00a0va entra\u00eener de la m\u00e9diocrit\u00e9 en masse\u00a0\u00bb, immodestie de Blanquer, emploi abusif du verbe \u00ab\u00a0composer \u00bb. Rien n&rsquo;est oubli\u00e9. Le youtubeur et les internautes rel\u00e8vent l&rsquo;ahurissante d\u00e9claration finale\u00a0: \u00ab\u00a0On est les h\u00e9ritiers d&rsquo;un pays et on doit le transmettre aux g\u00e9n\u00e9rations futures dans un \u00e9tat meilleur que ce que nous avons trouv\u00e9, notamment sur le plan culturel.\u00a0\u00bb La nouvelle est d&rsquo;importance. En exclusivit\u00e9 pour RTL, Jean-Michel Blanquer r\u00e9v\u00e8le qu&rsquo;il va l\u00e9guer tout son mat\u00e9riel informatique \u00e0 ses enfants. Ainsi va la culture de g\u00e9n\u00e9ration en g\u00e9n\u00e9ration.<\/p>\n<p>Janvier 2016 : Jean-Michel Blanquer revient sur RTL pour annoncer que son ordinateur peint des tableaux. De sa main, il a d\u00e9j\u00e0 sign\u00e9 Guernica et les Tournesols de van Gogh. Un prodige, vous dis-je !<\/p>\n<p>                    <a href=\"#\" rel=\"nofollow\" onclick=\"window.print(); pfTrackEvent('[SATIRE \u00c0 VUE] &lt;em&gt;RTL&lt;\/em&gt; re\u00e7oit Wolfgang Amadeus Blanquer'); return false;\" title=\"Printer Friendly, PDF &amp; Email\"><br \/>\n                    <img decoding=\"async\" src=\"https:\/\/www.europesays.com\/fr\/wp-content\/uploads\/2025\/04\/printfriendly-icon-sm.png\" alt=\"Print Friendly, PDF &amp; Email\" class=\"pf-button-img\" style=\"width: 17px;height: 17px;\"\/>Imprimer, enregistrer en PDF cet article<br \/>\n                    <\/a><\/p>\n","protected":false},"excerpt":{"rendered":"Jean-Michel Blanquer est l&rsquo;invit\u00e9 du journal inattendu de RTL pour son livre Civilisation fran\u00e7aise (\u00c9ditions Albin Michel). En&hellip;\n","protected":false},"author":2,"featured_media":580647,"comment_status":"","ping_status":"","sticky":false,"template":"","format":"standard","meta":{"footnotes":""},"categories":[1356],"tags":[58,59,1011,27,252,1364],"class_list":{"0":"post-580646","1":"post","2":"type-post","3":"status-publish","4":"format-standard","5":"has-post-thumbnail","7":"category-television","8":"tag-divertissement","9":"tag-entertainment","10":"tag-fr","11":"tag-france","12":"tag-television","13":"tag-tv"},"share_on_mastodon":{"url":"https:\/\/pubeurope.com\/@fr\/115668923186111055","error":""},"_links":{"self":[{"href":"https:\/\/www.europesays.com\/fr\/wp-json\/wp\/v2\/posts\/580646","targetHints":{"allow":["GET"]}}],"collection":[{"href":"https:\/\/www.europesays.com\/fr\/wp-json\/wp\/v2\/posts"}],"about":[{"href":"https:\/\/www.europesays.com\/fr\/wp-json\/wp\/v2\/types\/post"}],"author":[{"embeddable":true,"href":"https:\/\/www.europesays.com\/fr\/wp-json\/wp\/v2\/users\/2"}],"replies":[{"embeddable":true,"href":"https:\/\/www.europesays.com\/fr\/wp-json\/wp\/v2\/comments?post=580646"}],"version-history":[{"count":0,"href":"https:\/\/www.europesays.com\/fr\/wp-json\/wp\/v2\/posts\/580646\/revisions"}],"wp:featuredmedia":[{"embeddable":true,"href":"https:\/\/www.europesays.com\/fr\/wp-json\/wp\/v2\/media\/580647"}],"wp:attachment":[{"href":"https:\/\/www.europesays.com\/fr\/wp-json\/wp\/v2\/media?parent=580646"}],"wp:term":[{"taxonomy":"category","embeddable":true,"href":"https:\/\/www.europesays.com\/fr\/wp-json\/wp\/v2\/categories?post=580646"},{"taxonomy":"post_tag","embeddable":true,"href":"https:\/\/www.europesays.com\/fr\/wp-json\/wp\/v2\/tags?post=580646"}],"curies":[{"name":"wp","href":"https:\/\/api.w.org\/{rel}","templated":true}]}}