{"id":580660,"date":"2025-12-05T20:53:19","date_gmt":"2025-12-05T20:53:19","guid":{"rendered":"https:\/\/www.europesays.com\/fr\/580660\/"},"modified":"2025-12-05T20:53:19","modified_gmt":"2025-12-05T20:53:19","slug":"sortie-imminente-de-la-version-gpt-5-2-pour-repondre-a-google-frandroid","status":"publish","type":"post","link":"https:\/\/www.europesays.com\/fr\/580660\/","title":{"rendered":"sortie imminente de la version GPT 5.2 pour r\u00e9pondre \u00e0 Google \u2014 Frandroid"},"content":{"rendered":"<p>En panique, OpenAI s\u2019appr\u00eaterait d\u00e8s la semaine prochaine \u00e0 lancer GPT 5.2 pour r\u00e9pondre \u00e0 Gemini 3.<\/p>\n<p><a target=\"_blank\" href=\"https:\/\/images.frandroid.com\/wp-content\/uploads\/2025\/11\/google-gemini-versus-chatgpt-image-generee-par-gemini.jpg\" class=\"article-content__figure\" rel=\"noopener\"><img fetchpriority=\"high\" decoding=\"async\" loading=\"eager\" width=\"1200\" height=\"675\" src=\"https:\/\/www.europesays.com\/fr\/wp-content\/uploads\/2025\/12\/google-gemini-versus-chatgpt-image-generee-par-gemini.jpg\" alt=\"\" class=\"wp-image-2885291 wp-image wp-image\"  \/><\/a>Source : Image g\u00e9n\u00e9r\u00e9e par Gemini 3 Pro<\/p>\n<p>Comme un petit go\u00fbt d\u2019ironie pour OpenAI. En 2023, apr\u00e8s le succ\u00e8s de ChatGPT, on apprenait que <a href=\"https:\/\/www.frandroid.com\/marques\/google\/1594241_etat-durgence-chez-google-les-fondateurs-reviennent-pour-travailler-sur-lia\" target=\"_blank\" rel=\"noopener\">Google avait d\u00e9clar\u00e9 l\u2019\u00e9tat d\u2019urgence<\/a> en interne.<\/p>\n<p>D\u00e9sormais, c\u2019est le succ\u00e8s de Google Gemini 3 <a href=\"https:\/\/www.frandroid.com\/marques\/google\/2896017_openai-declare-lalerte-rouge-chatgpt-menace-par-la-montee-en-puissance-de-google-gemini\" target=\"_blank\" rel=\"noopener\">qui met OpenAI en \u00ab alerte rouge \u00bb<\/a>. Les cons\u00e9quences semblent d\u00e9j\u00e0 l\u00e0, la firme serait sur le point de lancer la prochaine version majeure de son IA avec GPT 5.2.<\/p>\n<p>Un lancement dans quelques jours<\/p>\n<p>Le site <a target=\"_blank\" href=\"https:\/\/www.theverge.com\/report\/838857\/openai-gpt-5-2-release-date-code-red-google-response\" rel=\"noopener\">The Verge<\/a> rapporte que ChatGPT avec GPT 5.2 serait pr\u00eat pour un lancement d\u00e8s la semaine prochaine. Objectif\u00a0: <strong>rattraper le retard pris sur Google et Gemini 3.<\/strong><\/p>\n<p>Le lancement serait pr\u00e9vu pour le <strong>mardi 9 d\u00e9cembre 2025<\/strong>, mais The Verge indique que le calendrier pourrait \u00e9voluer en fonction des derniers tests et des capacit\u00e9s serveurs.<\/p>\n<p>Est-ce qu\u2019un nouveau mod\u00e8le sera suffisant ?<\/p>\n<p>On peut se demander si le probl\u00e8me rencontr\u00e9 par le lancement de Gemini 3 est une simple question \u00ab d\u2019intelligence \u00bb de GPT. <\/p>\n<p>Si Gemini 3 a pu impressionner dans quelques benchmarks, la r\u00e9ussite du mod\u00e8le vient aussi de l\u2019offre globale de Google.<\/p>\n<p>Aujourd\u2019hui, l\u2019abonnement \u00e0 l\u2019IA de Google permet d\u2019acc\u00e9der \u00e0 du stockage en ligne, \u00e0 la g\u00e9n\u00e9ration d\u2019images Nano Banana Pro ou encore \u00e0 la g\u00e9n\u00e9ration de vid\u00e9os avec V\u00e9o 3. L\u2019offre ChatGPT Plus semble <a href=\"https:\/\/www.frandroid.com\/versus\/2885241_gemini-ai-pro-vs-chatgpt-plus-le-resultat-est-clair-openai-est-ko\" target=\"_blank\" rel=\"noopener\">beaucoup moins attrayante en comparaison<\/a>.<\/p>\n<p>C\u2019est tout l\u2019\u00e9cosyst\u00e8me d\u2019OpenAI qui semble prendre du retard face \u00e0 la concurrence. D\u2019autant que Google peut s\u2019appuyer sur Android et son moteur de recherche pour rapidement atteindre ses clients. <\/p>\n","protected":false},"excerpt":{"rendered":"En panique, OpenAI s\u2019appr\u00eaterait d\u00e8s la semaine prochaine \u00e0 lancer GPT 5.2 pour r\u00e9pondre \u00e0 Gemini 3. Source&hellip;\n","protected":false},"author":2,"featured_media":580661,"comment_status":"","ping_status":"","sticky":false,"template":"","format":"standard","meta":{"footnotes":""},"categories":[6],"tags":[270,35,33,34,1011,27,69460],"class_list":{"0":"post-580660","1":"post","2":"type-post","3":"status-publish","4":"format-standard","5":"has-post-thumbnail","7":"category-economie","8":"tag-breaking","9":"tag-business","10":"tag-economie","11":"tag-economy","12":"tag-fr","13":"tag-france","14":"tag-openai-gpt-5-2"},"share_on_mastodon":{"url":"https:\/\/pubeurope.com\/@fr\/115668949934846602","error":""},"_links":{"self":[{"href":"https:\/\/www.europesays.com\/fr\/wp-json\/wp\/v2\/posts\/580660","targetHints":{"allow":["GET"]}}],"collection":[{"href":"https:\/\/www.europesays.com\/fr\/wp-json\/wp\/v2\/posts"}],"about":[{"href":"https:\/\/www.europesays.com\/fr\/wp-json\/wp\/v2\/types\/post"}],"author":[{"embeddable":true,"href":"https:\/\/www.europesays.com\/fr\/wp-json\/wp\/v2\/users\/2"}],"replies":[{"embeddable":true,"href":"https:\/\/www.europesays.com\/fr\/wp-json\/wp\/v2\/comments?post=580660"}],"version-history":[{"count":0,"href":"https:\/\/www.europesays.com\/fr\/wp-json\/wp\/v2\/posts\/580660\/revisions"}],"wp:featuredmedia":[{"embeddable":true,"href":"https:\/\/www.europesays.com\/fr\/wp-json\/wp\/v2\/media\/580661"}],"wp:attachment":[{"href":"https:\/\/www.europesays.com\/fr\/wp-json\/wp\/v2\/media?parent=580660"}],"wp:term":[{"taxonomy":"category","embeddable":true,"href":"https:\/\/www.europesays.com\/fr\/wp-json\/wp\/v2\/categories?post=580660"},{"taxonomy":"post_tag","embeddable":true,"href":"https:\/\/www.europesays.com\/fr\/wp-json\/wp\/v2\/tags?post=580660"}],"curies":[{"name":"wp","href":"https:\/\/api.w.org\/{rel}","templated":true}]}}