{"id":580666,"date":"2025-12-05T20:57:21","date_gmt":"2025-12-05T20:57:21","guid":{"rendered":"https:\/\/www.europesays.com\/fr\/580666\/"},"modified":"2025-12-05T20:57:21","modified_gmt":"2025-12-05T20:57:21","slug":"huit-couples-celebres-a-la-mairie","status":"publish","type":"post","link":"https:\/\/www.europesays.com\/fr\/580666\/","title":{"rendered":"huit couples c\u00e9l\u00e9br\u00e9s \u00e0 la mairie"},"content":{"rendered":"<p>Une c\u00e9r\u00e9monie tout en \u00e9motion et sous le signe des ann\u00e9es y\u00e9-y\u00e9 et du disco a eu lieu dimanche dernier, pour honorer \u00ab\u00a0l\u2019amour qui dure, celui qui r\u00e9siste aux saisons, au temps et aux bouleversements du monde\u00a0\u00bb, selon Christine Konicki, l\u2019adjointe \u00e0 l\u2019\u00e9v\u00e9nementiel, le service \u00e0 la population et \u00e0 l\u2019attractivit\u00e9 commerciale.<\/p>\n<p>Quatre couples re\u00e7us se sont dit oui en 1975\u00a0: Josiane Champeix et Jean Pradier, Viviane Jorjet et Alain Fauriat, Bernadette Lebras et Yves Gandon, Christiane Bonnand et Albert&#8230;<\/p>\n","protected":false},"excerpt":{"rendered":"Une c\u00e9r\u00e9monie tout en \u00e9motion et sous le signe des ann\u00e9es y\u00e9-y\u00e9 et du disco a eu lieu&hellip;\n","protected":false},"author":2,"featured_media":580667,"comment_status":"","ping_status":"","sticky":false,"template":"","format":"standard","meta":{"footnotes":""},"categories":[9653],"tags":[1111,11,2430,7539,1777,674,1011,27,12,25,12490,12491,4001,801],"class_list":{"0":"post-580666","1":"post","2":"type-post","3":"status-publish","4":"format-standard","5":"has-post-thumbnail","7":"category-saint-etienne","8":"tag-actu","9":"tag-actualites","10":"tag-auvergne-rhone-alpes","11":"tag-edition-loire-sud","12":"tag-eu","13":"tag-europe","14":"tag-fr","15":"tag-france","16":"tag-news","17":"tag-republique-francaise","18":"tag-roche-la-moliere","19":"tag-roche-la-moliere-bassin","20":"tag-saint-etienne","21":"tag-social"},"share_on_mastodon":{"url":"https:\/\/pubeurope.com\/@fr\/115668965338535571","error":""},"_links":{"self":[{"href":"https:\/\/www.europesays.com\/fr\/wp-json\/wp\/v2\/posts\/580666","targetHints":{"allow":["GET"]}}],"collection":[{"href":"https:\/\/www.europesays.com\/fr\/wp-json\/wp\/v2\/posts"}],"about":[{"href":"https:\/\/www.europesays.com\/fr\/wp-json\/wp\/v2\/types\/post"}],"author":[{"embeddable":true,"href":"https:\/\/www.europesays.com\/fr\/wp-json\/wp\/v2\/users\/2"}],"replies":[{"embeddable":true,"href":"https:\/\/www.europesays.com\/fr\/wp-json\/wp\/v2\/comments?post=580666"}],"version-history":[{"count":0,"href":"https:\/\/www.europesays.com\/fr\/wp-json\/wp\/v2\/posts\/580666\/revisions"}],"wp:featuredmedia":[{"embeddable":true,"href":"https:\/\/www.europesays.com\/fr\/wp-json\/wp\/v2\/media\/580667"}],"wp:attachment":[{"href":"https:\/\/www.europesays.com\/fr\/wp-json\/wp\/v2\/media?parent=580666"}],"wp:term":[{"taxonomy":"category","embeddable":true,"href":"https:\/\/www.europesays.com\/fr\/wp-json\/wp\/v2\/categories?post=580666"},{"taxonomy":"post_tag","embeddable":true,"href":"https:\/\/www.europesays.com\/fr\/wp-json\/wp\/v2\/tags?post=580666"}],"curies":[{"name":"wp","href":"https:\/\/api.w.org\/{rel}","templated":true}]}}