{"id":580670,"date":"2025-12-05T20:59:28","date_gmt":"2025-12-05T20:59:28","guid":{"rendered":"https:\/\/www.europesays.com\/fr\/580670\/"},"modified":"2025-12-05T20:59:28","modified_gmt":"2025-12-05T20:59:28","slug":"champigneulles-des-etoiles-dans-les-yeux-des-ecoliers","status":"publish","type":"post","link":"https:\/\/www.europesays.com\/fr\/580670\/","title":{"rendered":"Champigneulles. Des \u00e9toiles dans les yeux des \u00e9coliers"},"content":{"rendered":"<p>Un plan\u00e9tarium itin\u00e9rant s\u2019est install\u00e9 r\u00e9cemment dans la salle Claude-Hartmann. La structure gonflable, compos\u00e9e d\u2019un d\u00f4me et d\u2019un syst\u00e8me de projection \u00e0 360\u00b0, a accueilli les \u00e9l\u00e8ves de l\u2019\u00e9cole Jean-Moulin et la classe de grande section de la maternelle Charles-Perrault. Romain, animateur passionn\u00e9 d\u2019astronomie chez \u00ab\u00a0Astro et Sac \u00e0 Dos\u00a0\u00bb, a offert aux \u00e9coliers un voyage dans le ciel \u00e9toil\u00e9 et \u00e0 travers l\u2019univers, gr\u00e2ce \u00e0 une reproduction des constellations et \u00e0 la projection de films d\u2019animation.<\/p>\n","protected":false},"excerpt":{"rendered":"Un plan\u00e9tarium itin\u00e9rant s\u2019est install\u00e9 r\u00e9cemment dans la salle Claude-Hartmann. La structure gonflable, compos\u00e9e d\u2019un d\u00f4me et d\u2019un&hellip;\n","protected":false},"author":2,"featured_media":580671,"comment_status":"","ping_status":"","sticky":false,"template":"","format":"standard","meta":{"footnotes":""},"categories":[9635],"tags":[1111,11,13561,13560,1704,1057,1777,674,1011,27,775,10425,1702,12,25],"class_list":{"0":"post-580670","1":"post","2":"type-post","3":"status-publish","4":"format-standard","5":"has-post-thumbnail","7":"category-nancy","8":"tag-actu","9":"tag-actualites","10":"tag-cc-du-bassin-de-pompey-54b2","11":"tag-champigneulles","12":"tag-edition-nancy-et-agglomeration","13":"tag-education","14":"tag-eu","15":"tag-europe","16":"tag-fr","17":"tag-france","18":"tag-grand-est","19":"tag-maternelle-elementaire","20":"tag-nancy","21":"tag-news","22":"tag-republique-francaise"},"share_on_mastodon":{"url":"https:\/\/pubeurope.com\/@fr\/115668973402392900","error":""},"_links":{"self":[{"href":"https:\/\/www.europesays.com\/fr\/wp-json\/wp\/v2\/posts\/580670","targetHints":{"allow":["GET"]}}],"collection":[{"href":"https:\/\/www.europesays.com\/fr\/wp-json\/wp\/v2\/posts"}],"about":[{"href":"https:\/\/www.europesays.com\/fr\/wp-json\/wp\/v2\/types\/post"}],"author":[{"embeddable":true,"href":"https:\/\/www.europesays.com\/fr\/wp-json\/wp\/v2\/users\/2"}],"replies":[{"embeddable":true,"href":"https:\/\/www.europesays.com\/fr\/wp-json\/wp\/v2\/comments?post=580670"}],"version-history":[{"count":0,"href":"https:\/\/www.europesays.com\/fr\/wp-json\/wp\/v2\/posts\/580670\/revisions"}],"wp:featuredmedia":[{"embeddable":true,"href":"https:\/\/www.europesays.com\/fr\/wp-json\/wp\/v2\/media\/580671"}],"wp:attachment":[{"href":"https:\/\/www.europesays.com\/fr\/wp-json\/wp\/v2\/media?parent=580670"}],"wp:term":[{"taxonomy":"category","embeddable":true,"href":"https:\/\/www.europesays.com\/fr\/wp-json\/wp\/v2\/categories?post=580670"},{"taxonomy":"post_tag","embeddable":true,"href":"https:\/\/www.europesays.com\/fr\/wp-json\/wp\/v2\/tags?post=580670"}],"curies":[{"name":"wp","href":"https:\/\/api.w.org\/{rel}","templated":true}]}}