{"id":580678,"date":"2025-12-05T21:04:13","date_gmt":"2025-12-05T21:04:13","guid":{"rendered":"https:\/\/www.europesays.com\/fr\/580678\/"},"modified":"2025-12-05T21:04:13","modified_gmt":"2025-12-05T21:04:13","slug":"pourquoi-montpellier-sapprete-a-vivre-lun-de-ses-plus-grands-shows-k-pop","status":"publish","type":"post","link":"https:\/\/www.europesays.com\/fr\/580678\/","title":{"rendered":"Pourquoi Montpellier s\u2019appr\u00eate \u00e0 vivre l\u2019un de ses plus grands shows K-Pop"},"content":{"rendered":"<p>                    Par<br \/>\n        <strong><br \/>\n            <a href=\"https:\/\/actu.fr\/auteur\/metropoop\" title=\"Consulter tous les articles de R\u00e9daction M\u00e9tropolitain\" target=\"_blank\" rel=\"noopener\">R\u00e9daction M\u00e9tropolitain<\/a><br \/>\n                    <\/strong><\/p>\n<p>        Publi\u00e9 le<\/p>\n<p>            5 d\u00e9c. 2025 \u00e0 21h27        <\/p>\n<p>Le ph\u00e9nom\u00e8ne mondial K-pop fera escale au Z\u00e9nith Sud de Montpellier <strong>le mercredi 30 d\u00e9cembre 2026<\/strong>. Les producteurs annoncent un spectacle qui vise \u00e0 transposer l\u2019\u00e9nergie des concerts sud-cor\u00e9ens dans une mise en sc\u00e8ne taill\u00e9e pour un public fran\u00e7ais tr\u00e8s r\u00e9actif. Le projet veut r\u00e9unir une audience large, d\u00e9j\u00e0 acquise aux standards internationaux de la pop asiatique.<\/p>\n<p>    <a href=\"https:\/\/www.google.com\/maps\/embed?pb=!1m18!1m12!1m3!1d23114.090373704526!2d3.8371328!3d43.6011008!2m3!1f0!2f0!3f0!3m2!1i1024!2i768!4f13.1!3m3!1m2!1s0x12b6a5a15912af6b%3A0x2cbe82567fa7b1ca!2sZ%C3%A9nith%20Sud!5e0!3m2!1sfr!2sfr!4v1764960513367!5m2!1sfr!2sfr\" title=\"Ouvrie le lien\" target=\"_blank\" rel=\"noopener\">Cliquez ici pour visualiser le contenu<\/a><\/p>\n<p>Un hommage g\u00e9ant aux groupes embl\u00e9matiques<\/p>\n<p class=\" wall-content\">Le show promet des titres de Blackpink, BTS, Twice, Soda Pop, Golden et d\u2019autres figures phares. Les organisateurs souhaitent cr\u00e9er une travers\u00e9e compl\u00e8te de la K-Pop actuelle. Ils l\u2019orientent autour de moments courts, puissants, align\u00e9s sur les codes visuels des clips. Chaque tableau doit former une capsule autonome qui joue sur la surprise et l\u2019intensit\u00e9. \u00a0Les \u00e9quipes techniques pr\u00e9parent des chor\u00e9graphies exigeantes. Les effets visuels forment un socle central du dispositif.<\/p>\n<p class=\" wall-content\">La pr\u00e9vente ouvrira <strong>ce mercredi 10 d\u00e9cembre 2025<\/strong> \u00e0 12h <a href=\"https:\/\/adamconcerts.trium.fr\/fr\/t\/-\/event\/64754\" target=\"_blank\" rel=\"noopener\">sur le site adamconcerts.com<\/a>. Une inscription reste possible pour recevoir une notification d\u2019ouverture via le lien d\u00e9di\u00e9 \u00e0 Montpellier. La billetterie tous r\u00e9seaux ouvrira le vendredi 12 d\u00e9cembre 2025 \u00e0 12h.<\/p>\n<p class=\" wall-content\">Personnalisez votre actualit\u00e9 en ajoutant vos villes et m\u00e9dias en favori avec <a href=\"https:\/\/moncompte.actu.fr\" title=\"D\u00e9couvez Mon Actu\" rel=\"nofollow noopener\" data-trk=\"{&quot;cta&quot;:{&quot;action&quot;:&quot;https:\\\/\\\/moncompte.actu.fr&quot;,&quot;category&quot;:&quot;mon compte&quot;,&quot;from&quot;:&quot;article footer&quot;,&quot;name&quot;:&quot;Mon actu&quot;,&quot;type&quot;:&quot;cta&quot;}}\" target=\"_blank\">Mon Actu<\/a>.<\/p>\n","protected":false},"excerpt":{"rendered":"Par R\u00e9daction M\u00e9tropolitain Publi\u00e9 le 5 d\u00e9c. 2025 \u00e0 21h27 Le ph\u00e9nom\u00e8ne mondial K-pop fera escale au Z\u00e9nith&hellip;\n","protected":false},"author":2,"featured_media":580679,"comment_status":"","ping_status":"","sticky":false,"template":"","format":"standard","meta":{"footnotes":""},"categories":[9599],"tags":[1111,11,1697,1777,674,1011,27,1652,2208,873,12,2680,25],"class_list":{"0":"post-580678","1":"post","2":"type-post","3":"status-publish","4":"format-standard","5":"has-post-thumbnail","7":"category-montpellier","8":"tag-actu","9":"tag-actualites","10":"tag-concert","11":"tag-eu","12":"tag-europe","13":"tag-fr","14":"tag-france","15":"tag-loisirs-culture","16":"tag-montpellier","17":"tag-musique","18":"tag-news","19":"tag-occitanie","20":"tag-republique-francaise"},"share_on_mastodon":{"url":"","error":""},"_links":{"self":[{"href":"https:\/\/www.europesays.com\/fr\/wp-json\/wp\/v2\/posts\/580678","targetHints":{"allow":["GET"]}}],"collection":[{"href":"https:\/\/www.europesays.com\/fr\/wp-json\/wp\/v2\/posts"}],"about":[{"href":"https:\/\/www.europesays.com\/fr\/wp-json\/wp\/v2\/types\/post"}],"author":[{"embeddable":true,"href":"https:\/\/www.europesays.com\/fr\/wp-json\/wp\/v2\/users\/2"}],"replies":[{"embeddable":true,"href":"https:\/\/www.europesays.com\/fr\/wp-json\/wp\/v2\/comments?post=580678"}],"version-history":[{"count":0,"href":"https:\/\/www.europesays.com\/fr\/wp-json\/wp\/v2\/posts\/580678\/revisions"}],"wp:featuredmedia":[{"embeddable":true,"href":"https:\/\/www.europesays.com\/fr\/wp-json\/wp\/v2\/media\/580679"}],"wp:attachment":[{"href":"https:\/\/www.europesays.com\/fr\/wp-json\/wp\/v2\/media?parent=580678"}],"wp:term":[{"taxonomy":"category","embeddable":true,"href":"https:\/\/www.europesays.com\/fr\/wp-json\/wp\/v2\/categories?post=580678"},{"taxonomy":"post_tag","embeddable":true,"href":"https:\/\/www.europesays.com\/fr\/wp-json\/wp\/v2\/tags?post=580678"}],"curies":[{"name":"wp","href":"https:\/\/api.w.org\/{rel}","templated":true}]}}