{"id":580680,"date":"2025-12-05T21:05:17","date_gmt":"2025-12-05T21:05:17","guid":{"rendered":"https:\/\/www.europesays.com\/fr\/580680\/"},"modified":"2025-12-05T21:05:17","modified_gmt":"2025-12-05T21:05:17","slug":"des-visites-guidees-magiques-avec-vin-chaud-debarquent-sur-larc-de-triomphe-de-montpellier","status":"publish","type":"post","link":"https:\/\/www.europesays.com\/fr\/580680\/","title":{"rendered":"Des visites guid\u00e9es magiques avec vin chaud d\u00e9barquent sur l\u2019Arc de Triomphe de Montpellier"},"content":{"rendered":"<p>Grimper au sommet de l\u2019Arc de Triomphe, c\u2019est d\u00e9j\u00e0 un privil\u00e8ge en soi. Mais le faire en plein d\u00e9cembre, avec la ville scintillante \u00e0 ses pieds et un verre de vin chaud qui r\u00e9chauffe les doigts, \u00e7a devient carr\u00e9ment magique\u00a0! <b>Cette visite guid\u00e9e, propos\u00e9e en petits groupes, s\u2019attarde autant sur l\u2019histoire de Montpellier que sur les l\u00e9gendes, les anecdotes, les d\u00e9tails cach\u00e9s que personne ne voit quand on passe en bas<\/b>, press\u00e9 par la foule de No\u00ebl. L\u00e0-haut, tout est plus calme. La vue sur la Place Royale du Peyrou, avec ses illuminations, donne presque l\u2019impression d\u2019\u00eatre \u00e0 l\u2019int\u00e9rieur d\u2019une carte postale. Pas \u00e9tonnant que les cr\u00e9neaux partent comme des petits pains\u00a0!<\/p>\n<p>&#13;<br \/>\n<b>Un panorama sublime au-dessus de la Place Royale du Peyrou<\/b>&#13;<\/p>\n<p>Face au succ\u00e8s (litt\u00e9ralement tout est complet ou presque), l\u2019Office de Tourisme a d\u00e9cid\u00e9 d\u2019ajouter de nouveaux cr\u00e9neaux\u00a0! Et pas qu\u2019un peu\u00a0: soir\u00e9es de d\u00e9cembre, horaires multiples, ambiance cr\u00e9pusculaire ou nocturne\u2026 Il y en aura pour les contemplatifs comme pour les impatients. Voici les cr\u00e9neaux\u00a0:<\/p>\n<p>&#13;<\/p>\n<p>Cr\u00e9neaux disponibles \u00e0 la r\u00e9servation d\u00e8s maintenant\u00a0:\u00a0<\/p>\n<p>&#13;<\/p>\n<p><b>Vendredi 5 d\u00e9cembre\u00a0:18h30 et\u00a0 19h45<br \/><\/b><b>Mardi 16 d\u00e9cembre\u00a0: 18h30 et 19h45<br \/>Samedi 20 d\u00e9cembre\u00a0: 19h45<br \/>Mardi 23 d\u00e9cembre\u00a0: 19h45<br \/><\/b><b>Vendredi 26 d\u00e9cembre\u00a0: 18h30 et 19h45<br \/><\/b><b>Samedi 27 d\u00e9cembre\u00a0: 18h30 et 19h45<br \/><\/b><b>Mardi 30 d\u00e9cembre\u00a0: 18h30 et 19h45<\/b><\/p>\n<p>&#13;<\/p>\n<p>L\u2019Office de Tourisme ne s\u2019arr\u00eate pas l\u00e0. D\u00e9cembre devient une sorte de calendrier de l\u2019Avent culturel, avec des visites th\u00e9matiques qui d\u00e9voilent les tr\u00e9sors oubli\u00e9s de la ville. Retrouvez toutes les informations sur <a href=\"https:\/\/www.montpellier-tourisme.fr\/agenda\/tout-l-agenda\/noel-au-sommet-vin-chaud-sur-larc-de-triomphe-montpellier-fr-5998700\/\" rel=\"nofollow noopener noreferrer\" target=\"_blank\">le site de l\u2019Office de Tourisme.<\/a><\/p>\n","protected":false},"excerpt":{"rendered":"Grimper au sommet de l\u2019Arc de Triomphe, c\u2019est d\u00e9j\u00e0 un privil\u00e8ge en soi. Mais le faire en plein&hellip;\n","protected":false},"author":2,"featured_media":580681,"comment_status":"","ping_status":"","sticky":false,"template":"","format":"standard","meta":{"footnotes":""},"categories":[9599],"tags":[1111,11,1777,674,1011,27,2208,12,2680,25],"class_list":{"0":"post-580680","1":"post","2":"type-post","3":"status-publish","4":"format-standard","5":"has-post-thumbnail","7":"category-montpellier","8":"tag-actu","9":"tag-actualites","10":"tag-eu","11":"tag-europe","12":"tag-fr","13":"tag-france","14":"tag-montpellier","15":"tag-news","16":"tag-occitanie","17":"tag-republique-francaise"},"share_on_mastodon":{"url":"https:\/\/pubeurope.com\/@fr\/115668996963341550","error":""},"_links":{"self":[{"href":"https:\/\/www.europesays.com\/fr\/wp-json\/wp\/v2\/posts\/580680","targetHints":{"allow":["GET"]}}],"collection":[{"href":"https:\/\/www.europesays.com\/fr\/wp-json\/wp\/v2\/posts"}],"about":[{"href":"https:\/\/www.europesays.com\/fr\/wp-json\/wp\/v2\/types\/post"}],"author":[{"embeddable":true,"href":"https:\/\/www.europesays.com\/fr\/wp-json\/wp\/v2\/users\/2"}],"replies":[{"embeddable":true,"href":"https:\/\/www.europesays.com\/fr\/wp-json\/wp\/v2\/comments?post=580680"}],"version-history":[{"count":0,"href":"https:\/\/www.europesays.com\/fr\/wp-json\/wp\/v2\/posts\/580680\/revisions"}],"wp:featuredmedia":[{"embeddable":true,"href":"https:\/\/www.europesays.com\/fr\/wp-json\/wp\/v2\/media\/580681"}],"wp:attachment":[{"href":"https:\/\/www.europesays.com\/fr\/wp-json\/wp\/v2\/media?parent=580680"}],"wp:term":[{"taxonomy":"category","embeddable":true,"href":"https:\/\/www.europesays.com\/fr\/wp-json\/wp\/v2\/categories?post=580680"},{"taxonomy":"post_tag","embeddable":true,"href":"https:\/\/www.europesays.com\/fr\/wp-json\/wp\/v2\/tags?post=580680"}],"curies":[{"name":"wp","href":"https:\/\/api.w.org\/{rel}","templated":true}]}}