{"id":580688,"date":"2025-12-05T21:09:13","date_gmt":"2025-12-05T21:09:13","guid":{"rendered":"https:\/\/www.europesays.com\/fr\/580688\/"},"modified":"2025-12-05T21:09:13","modified_gmt":"2025-12-05T21:09:13","slug":"grenoble-devient-la-capitale-europeenne-de-linnovation-2026","status":"publish","type":"post","link":"https:\/\/www.europesays.com\/fr\/580688\/","title":{"rendered":"Grenoble devient la Capitale europ\u00e9enne de l\u2019innovation 2026"},"content":{"rendered":"<p>\t\t\t\t\tREPORTAGE VID\u00c9O \u2013 Grenoble Alpes M\u00e9tropole a \u00e9t\u00e9 sacr\u00e9e Capitale euro\u00adp\u00e9enne de l\u2019innovation 2026, lors du Cities Innovate Summit, jeudi 4 d\u00e9cembre 2025, \u00e0 Turin. Un titre pres\u00adti\u00adgieux, accom\u00adpa\u00adgn\u00e9 d\u2019un ch\u00e8que d\u2019un mil\u00adlion d\u2019euros, qui vient cou\u00adron\u00adner des ann\u00e9es d\u2019efforts pour faire de l\u2019innovation un levier de tran\u00adsi\u00adtion \u00e9co\u00adlo\u00adgique, sociale et d\u00e9mocratique.<\/p>\n<p>Apr\u00e8s son sacre en tant que <a href=\"https:\/\/www.placegrenet.fr\/2022\/12\/05\/grenoble-capitale-verte-de-leurope-2022-un-coup-de-pouce-pour-les-projets-scolaires\/585398\" target=\"_blank\" rel=\"noopener\">Capitale verte euro\u00adp\u00e9enne en 2022<\/a>, Grenoble Alpes M\u00e9tropole vient de confir\u00admer son sta\u00adtut de ter\u00adri\u00adtoire pion\u00adnier en rem\u00adpor\u00adtant le prix de Capitale euro\u00adp\u00e9enne de l\u2019innovation 2026, jeudi 4 d\u00e9cembre \u00e0 Turin. Une r\u00e9com\u00adpense remise \u00e0 Florent Cholat, conseiller m\u00e9tro\u00adpo\u00adli\u00adtain d\u00e9l\u00e9\u00adgu\u00e9 au d\u00e9ve\u00adlop\u00adpe\u00adment du num\u00e9\u00adrique et de l\u2019innovation digi\u00adtale. \u00ab\u00a0Si les \u00c9tats-Unis ont la Silicon Valley, nous nous avons Grenoble\u00a0!\u00a0\u00bb, a os\u00e9 l\u2019\u00e9lu dans son dis\u00adcours, non sans remer\u00adcier ses \u00e9quipes.<\/p>\n<p>Avec ce titre, la m\u00e9tro\u00adpole de Grenoble rejoint le club tr\u00e8s ferm\u00e9 des m\u00e9tro\u00adpoles euro\u00adp\u00e9ennes inno\u00advantes, aux c\u00f4t\u00e9s de Barcelone, Amsterdam, Paris ou Nantes. Et pour elle, pas de doute\u00a0: ce tro\u00adph\u00e9e confirme que l\u2019innovation ne se limite pas \u00e0 la tech\u00adno\u00adlo\u00adgie, mais s\u2019inscrit dans une d\u00e9marche glo\u00adbale, inclu\u00adsive et ancr\u00e9e dans les r\u00e9a\u00adli\u00adt\u00e9s locales.<\/p>\n<p><img fetchpriority=\"high\" decoding=\"async\" aria-describedby=\"caption-attachment-666400\" class=\"size-medium wp-image-666400\" src=\"data:image\/svg+xml,%3Csvg%20xmlns=\" http:=\"\" alt=\"Grenoble Alpes M\u00e9tropole \u00e9lue Capitale europ\u00e9enne de l'innovation 2026.\" width=\"640\" height=\"341\" data-lazy- data-lazy- data-lazy-src=\"https:\/\/www.europesays.com\/fr\/wp-content\/uploads\/2025\/12\/grenoble-capitale-innovation-maureen-dufournet-placegrenet2-640x341.jpeg\"\/><\/p>\n<p id=\"caption-attachment-666400\" class=\"wp-caption-text\">Grenoble Alpes M\u00e9tropole \u00e9lue Capitale euro\u00adp\u00e9enne de l\u2019in\u00adno\u00adva\u00adtion\u00a02026.<\/p>\n<p>Pour Christophe Ferrari, pr\u00e9\u00adsident de la M\u00e9tropole qui a assist\u00e9 \u00e0 la vic\u00adtoire depuis la capi\u00adtale des Alpes, cette dis\u00adtinc\u00adtion est avant tout \u00ab\u00a0une recon\u00adnais\u00adsance de notre enga\u00adge\u00adment col\u00adlec\u00adtif\u00a0\u00bb. De quoi \u00ab\u00a0boos\u00adter encore plus notre ter\u00adri\u00adtoire\u00a0\u00bb et rap\u00adpe\u00adler que \u00ab\u00a0l\u2019innovation, ce n\u2019est pas que la French Tech\u00a0\u00bb.\u00a0Grenoble Alpes M\u00e9tropole entend en effet se dis\u00adtin\u00adguer par son approche sys\u00adt\u00e9\u00admique, m\u00ealant recherche de pointe, par\u00adti\u00adci\u00adpa\u00adtion citoyenne et poli\u00adtiques publiques ambitieuses.<\/p>\n<p>L\u2019innovation gre\u00adno\u00adbloise\u00a0: fruit d\u2019une col\u00adla\u00adbo\u00adra\u00adtion \u00e9troite<\/p>\n<p>De fait, la M\u00e9tropole n\u2019est pas deve\u00adnue Capitale euro\u00adp\u00e9enne de l\u2019innovation par hasard, selon son pr\u00e9\u00adsident. \u00ab\u00a0Son \u00e9co\u00adsys\u00adt\u00e8me, r\u00e9gu\u00adli\u00e8\u00adre\u00adment class\u00e9 parmi les sept meilleurs hubs deep\u00adtech au monde (der\u00adri\u00e8re la Silicon Valley ou Cambridge), repose sur une col\u00adla\u00adbo\u00adra\u00adtion \u00e9troite entre uni\u00adver\u00adsi\u00adt\u00e9s, labo\u00adra\u00adtoires, entre\u00adprises et citoyens.\u00a0\u00bb<\/p>\n<p>Pour le <a href=\"https:\/\/eic.ec.europa.eu\/news\/grenoble-alpes-metropole-and-aalborg-are-winners-european-capital-innovation-awards-2026-2025-12-04_en\" target=\"_blank\" rel=\"noopener\">Conseil euro\u00adp\u00e9en de l\u2019in\u00adno\u00adva\u00adtion<\/a>, Grenoble Alpes M\u00e9tropole s\u2019est par ailleurs dis\u00adtin\u00adgu\u00e9e par \u00ab\u00a0son approche glo\u00adbale et stra\u00adt\u00e9\u00adgique de l\u2019in\u00adno\u00adva\u00adtion, ax\u00e9e sur la dura\u00adbi\u00adlit\u00e9 envi\u00adron\u00adne\u00admen\u00adtale et le ren\u00adfor\u00adce\u00adment de l\u2019\u00e9\u00adco\u00adsys\u00adt\u00e8me local\u00a0\u00bb.<\/p>\n<p>Elle a ainsi d\u00e9ve\u00adlopp\u00e9 des ini\u00adtia\u00adtives qui repoussent les limites des poli\u00adtiques publiques, gr\u00e2ce \u00e0 des pro\u00adjets de r\u00e9duc\u00adtion des d\u00e9chets, de r\u00e9si\u00adlience cli\u00adma\u00adtique et d\u2019in\u00adt\u00e9\u00adgra\u00adtion de la sant\u00e9 des sols. Sans comp\u00adter ses efforts pour pri\u00advi\u00adl\u00e9\u00adgier les pra\u00adtiques \u00e9co-res\u00adpon\u00adsables et opti\u00admi\u00adser la coop\u00e9\u00adra\u00adtion r\u00e9gio\u00adnale, ce qui sou\u00adligne \u00ab\u00a0son r\u00f4le de pion\u00adnier en mati\u00e8re de dura\u00adbi\u00adlit\u00e9 urbaine et d\u2019in\u00adno\u00adva\u00adtion\u00a0\u00bb.<\/p>\n<p>Un mil\u00adlion d\u2019euros \u00e0 investir<\/p>\n<p>Avec cette vic\u00adtoire, la M\u00e9tropole va \u00e9ga\u00adle\u00adment rece\u00advoir un mil\u00adlion d\u2019euros. Mais pour Christophe Ferrari, \u00ab\u00a0ce qui compte, c\u2019est le titre. \u00c7a n\u2019a pas de prix\u00a0\u00bb. Pour autant, \u00e0 quoi ser\u00advira cet argent\u00a0?\u00a0\u00ab\u00a0L\u2019argent de l\u2019in\u00adno\u00adva\u00adtion doit ser\u00advir l\u2019in\u00adno\u00adva\u00adtion\u00a0\u00bb, assure la M\u00e9tropole.<\/p>\n<p>Pour les acteurs locaux, l\u2019enjeu est d\u00e9sor\u00admais de s\u2019appuyer sur cette dyna\u00admique pour acc\u00e9\u00adl\u00e9\u00adrer les pro\u00adjets en cours, comme le Tech &amp; Fest, pr\u00e9vu en f\u00e9vrier 2026. De quoi c\u00e9l\u00e9\u00adbrer aussi cette nou\u00advelle visi\u00adbi\u00adlit\u00e9. La M\u00e9tropole a d\u00e9sor\u00admais un an pour incar\u00adner plei\u00adne\u00adment son titre, entre d\u00e9fis cli\u00adma\u00adtiques, attentes citoyennes et n\u00e9ces\u00adsit\u00e9 de main\u00adte\u00adnir son attrac\u00adti\u00advit\u00e9 \u00e9conomique.<\/p>\n","protected":false},"excerpt":{"rendered":"REPORTAGE VID\u00c9O \u2013 Grenoble Alpes M\u00e9tropole a \u00e9t\u00e9 sacr\u00e9e Capitale euro\u00adp\u00e9enne de l\u2019innovation 2026, lors du Cities Innovate&hellip;\n","protected":false},"author":2,"featured_media":580689,"comment_status":"","ping_status":"","sticky":false,"template":"","format":"standard","meta":{"footnotes":""},"categories":[9566],"tags":[1111,11,2430,1777,674,1011,27,2731,12,25],"class_list":{"0":"post-580688","1":"post","2":"type-post","3":"status-publish","4":"format-standard","5":"has-post-thumbnail","7":"category-grenoble","8":"tag-actu","9":"tag-actualites","10":"tag-auvergne-rhone-alpes","11":"tag-eu","12":"tag-europe","13":"tag-fr","14":"tag-france","15":"tag-grenoble","16":"tag-news","17":"tag-republique-francaise"},"share_on_mastodon":{"url":"https:\/\/pubeurope.com\/@fr\/115669013301212350","error":""},"_links":{"self":[{"href":"https:\/\/www.europesays.com\/fr\/wp-json\/wp\/v2\/posts\/580688","targetHints":{"allow":["GET"]}}],"collection":[{"href":"https:\/\/www.europesays.com\/fr\/wp-json\/wp\/v2\/posts"}],"about":[{"href":"https:\/\/www.europesays.com\/fr\/wp-json\/wp\/v2\/types\/post"}],"author":[{"embeddable":true,"href":"https:\/\/www.europesays.com\/fr\/wp-json\/wp\/v2\/users\/2"}],"replies":[{"embeddable":true,"href":"https:\/\/www.europesays.com\/fr\/wp-json\/wp\/v2\/comments?post=580688"}],"version-history":[{"count":0,"href":"https:\/\/www.europesays.com\/fr\/wp-json\/wp\/v2\/posts\/580688\/revisions"}],"wp:featuredmedia":[{"embeddable":true,"href":"https:\/\/www.europesays.com\/fr\/wp-json\/wp\/v2\/media\/580689"}],"wp:attachment":[{"href":"https:\/\/www.europesays.com\/fr\/wp-json\/wp\/v2\/media?parent=580688"}],"wp:term":[{"taxonomy":"category","embeddable":true,"href":"https:\/\/www.europesays.com\/fr\/wp-json\/wp\/v2\/categories?post=580688"},{"taxonomy":"post_tag","embeddable":true,"href":"https:\/\/www.europesays.com\/fr\/wp-json\/wp\/v2\/tags?post=580688"}],"curies":[{"name":"wp","href":"https:\/\/api.w.org\/{rel}","templated":true}]}}