{"id":580694,"date":"2025-12-05T21:13:16","date_gmt":"2025-12-05T21:13:16","guid":{"rendered":"https:\/\/www.europesays.com\/fr\/580694\/"},"modified":"2025-12-05T21:13:16","modified_gmt":"2025-12-05T21:13:16","slug":"strasbourg-avec-ses-jouets-recycles-carijou-fait-du-bien-a-la-planete-autant-quau-porte-monnaie","status":"publish","type":"post","link":"https:\/\/www.europesays.com\/fr\/580694\/","title":{"rendered":"Strasbourg. Avec ses jouets recycl\u00e9s, Carijou fait du bien \u00e0 la plan\u00e8te autant qu&rsquo;au porte-monnaie"},"content":{"rendered":"<p>Bienvenue \u00e0 la recyclerie du jouet\u00a0! Ici, les nounours et les jeux de briques ont d\u00e9j\u00e0 v\u00e9cu une premi\u00e8re vie avant de venir embellir celle d\u2019un nouvel enfant. Pas moins de 37 tonnes de jouets ont \u00e9t\u00e9 r\u00e9cup\u00e9r\u00e9s en 2024, issus essentiellement de dons et de collectes (*).<\/p>\n<p>\u00ab\u00a0Les jouets re\u00e7us sont d\u2019abord tri\u00e9s dans notre centre situ\u00e9 \u00e0 la Meinau, puis soigneusement nettoy\u00e9s. Par exemple, les peluches sont lav\u00e9es, les jouets en plastique passent par une plongeuse comme celle d\u2019un restaurant\u00a0! On compl\u00e8te aussi les jeux incomplets avec des pi\u00e8ces d\u00e9tach\u00e9es que l\u2019on a r\u00e9cup\u00e9r\u00e9es\u00a0\u00bb,&#8230;<\/p>\n","protected":false},"excerpt":{"rendered":"Bienvenue \u00e0 la recyclerie du jouet\u00a0! Ici, les nounours et les jeux de briques ont d\u00e9j\u00e0 v\u00e9cu une&hellip;\n","protected":false},"author":2,"featured_media":580695,"comment_status":"","ping_status":"","sticky":false,"template":"","format":"standard","meta":{"footnotes":""},"categories":[2820],"tags":[1111,11,4406,33,2880,436,1777,674,107,1011,27,775,12,25,801,104,640,2879,1631],"class_list":{"0":"post-580694","1":"post","2":"type-post","3":"status-publish","4":"format-standard","5":"has-post-thumbnail","7":"category-strasbourg","8":"tag-actu","9":"tag-actualites","10":"tag-commerce-et-services","11":"tag-economie","12":"tag-edition-strasbourg","13":"tag-environnement","14":"tag-eu","15":"tag-europe","16":"tag-fil-info","17":"tag-fr","18":"tag-france","19":"tag-grand-est","20":"tag-news","21":"tag-republique-francaise","22":"tag-social","23":"tag-societe","24":"tag-strasbourg","25":"tag-strasbourg-ville","26":"tag-vie-associative"},"share_on_mastodon":{"url":"","error":""},"_links":{"self":[{"href":"https:\/\/www.europesays.com\/fr\/wp-json\/wp\/v2\/posts\/580694","targetHints":{"allow":["GET"]}}],"collection":[{"href":"https:\/\/www.europesays.com\/fr\/wp-json\/wp\/v2\/posts"}],"about":[{"href":"https:\/\/www.europesays.com\/fr\/wp-json\/wp\/v2\/types\/post"}],"author":[{"embeddable":true,"href":"https:\/\/www.europesays.com\/fr\/wp-json\/wp\/v2\/users\/2"}],"replies":[{"embeddable":true,"href":"https:\/\/www.europesays.com\/fr\/wp-json\/wp\/v2\/comments?post=580694"}],"version-history":[{"count":0,"href":"https:\/\/www.europesays.com\/fr\/wp-json\/wp\/v2\/posts\/580694\/revisions"}],"wp:featuredmedia":[{"embeddable":true,"href":"https:\/\/www.europesays.com\/fr\/wp-json\/wp\/v2\/media\/580695"}],"wp:attachment":[{"href":"https:\/\/www.europesays.com\/fr\/wp-json\/wp\/v2\/media?parent=580694"}],"wp:term":[{"taxonomy":"category","embeddable":true,"href":"https:\/\/www.europesays.com\/fr\/wp-json\/wp\/v2\/categories?post=580694"},{"taxonomy":"post_tag","embeddable":true,"href":"https:\/\/www.europesays.com\/fr\/wp-json\/wp\/v2\/tags?post=580694"}],"curies":[{"name":"wp","href":"https:\/\/api.w.org\/{rel}","templated":true}]}}