{"id":580698,"date":"2025-12-05T21:15:15","date_gmt":"2025-12-05T21:15:15","guid":{"rendered":"https:\/\/www.europesays.com\/fr\/580698\/"},"modified":"2025-12-05T21:15:15","modified_gmt":"2025-12-05T21:15:15","slug":"sattaquant-depuis-des-mois-a-bryan-masson-et-au-rassemblement-national-le-contre-affichage-anonyme-est-pilote-par-le-maire-de-cagnes-sur-mer-louis-negre","status":"publish","type":"post","link":"https:\/\/www.europesays.com\/fr\/580698\/","title":{"rendered":"S\u2019attaquant depuis des mois \u00e0 Bryan Masson et au Rassemblement national, le contre affichage anonyme est pilot\u00e9 par le maire de Cagnes-sur-Mer, Louis N\u00e8gre"},"content":{"rendered":"<p class=\"fs-5 \">Comme leurs affiches, le voile d\u2019opacit\u00e9 a fini par \u00eatre d\u00e9chir\u00e9. Depuis le printemps, des colleurs anonymes placardent des saillies visant le d\u00e9put\u00e9 Bryan Masson, candidat Rassemblement national \u00e0 la mairie de Cagnes-sur-Mer.<\/p>\n<p class=\"fs-5 \">Sans logo, sans num\u00e9ro d\u2019impression &#8211; ce qui est ill\u00e9gal &#8211; leur contre-propagande brouillait les pistes&#8230; jusqu\u2019\u00e0 ce que fuitent des messages de la majorit\u00e9 municipale.<\/p>\n<p class=\"fs-5 \">Sur un groupe WhatsApp consacr\u00e9 au collage, que Nice-Matin a pu consulter, des \u00e9lus de la majorit\u00e9 ont organis\u00e9 cette campagne fant\u00f4me entre le 27 mars, soit un an avant les \u00e9lections, et le 15 septembre, s<a href=\"https:\/\/www.nicematin.com\/societe\/politique\/qui-se-cache-derriere-ces-affiches-anonymes-qui-s-attaquent-au-rassemblement-national-a-cagnes-sur-mer-1001868\" target=\"_blank\" rel=\"noopener\">oit le lendemain de la publication de l\u2019un de nos articles s\u2019interrogeant sur ces posters pirates<\/a>.<\/p>\n<p>                                                                                La paternit\u00e9 du maire<\/p>\n<p class=\"fs-5 \">Pour autant, ces collages ne sont pas un exc\u00e8s de z\u00e8le des soutiens du maire sortant LR. Louis N\u00e8gre en porte la paternit\u00e9.<\/p>\n<p class=\"fs-5 \">\u00ab J\u2019ai donn\u00e9 instruction de faire commander ce genre de bandeau \u00bb, lance-t-il \u00e0 son \u00e9quipe lors d\u2019une r\u00e9union de travail, tel que l\u2019atteste un enregistrement audio. Il fait ici r\u00e9f\u00e9rence \u00e0 une banni\u00e8re barr\u00e9e d\u2019un large \u00ab FAUX \u00bb, appos\u00e9e sur les posters o\u00f9 le parlementaire tacle \u00ab la b\u00e9tonisation de la ville \u00bb ou encore le projet de mosqu\u00e9e \u00e0 c\u00f4t\u00e9 du lyc\u00e9e Renoir.<\/p>\n<p class=\"fs-5 \">Sur la messagerie priv\u00e9e, un post pr\u00e9vient : \u00ab Nouvelles affiches concernant la grande mosqu\u00e9e. Il faut recouvrir [par-dessus], pour que les gens comprennent ce dont il s\u2019agit, par le bandeau faux, m\u00eame s\u2019il d\u00e9borde \u00bb.<\/p>\n<p class=\"fs-5 \">Sign\u00e9 Alain Luca, directeur de cabinet. Sillonnant la ville, il signale sur le groupe les panneaux \u00e0 recouvrir.<\/p>\n<p class=\"fs-5 \">Ses consignes sont d\u00fbment appliqu\u00e9es par le mari de la conseill\u00e8re municipale Ga\u00ebtanne Derepas.<\/p>\n<p class=\"fs-5 \">Par message, le colleur pr\u00e9cise : \u00ab Si vous avez l\u2019opportunit\u00e9 d\u2019apercevoir des panneaux publics avec nos affiches qui ont \u00e9t\u00e9 recouvertes, n\u2019h\u00e9sitez pas \u00e0 en faire part au groupe avec une photo \u00bb.<\/p>\n<p class=\"fs-5 \">Aussit\u00f4t dit, aussit\u00f4t fait pour les conseillers C\u00e9line Guivarch et Rapha\u00ebl Rofidal, ainsi que pour l\u2019adjoint Richard L\u00e9man.<\/p>\n<p class=\"fs-5 \">Le RN est-il la seule cible ? Alain Luca pr\u00e9cise : \u00ab On ne touche pas pour l\u2019instant aux affiches de (Pierre) Piaccentini \u00bb.<\/p>\n<p class=\"fs-5 \">Le candidat mandat\u00e9 par L\u2019\u00c9cologie au centre, parti du Ni\u00e7ois Jean-Marc Governatori, serait moins mena\u00e7ant aux yeux de la majorit\u00e9 ? M\u00eame question pour le Parti communiste fran\u00e7ais, lui aussi \u00e9pargn\u00e9 par le contre affichage.<\/p>\n<p class=\"fs-5 \">Naturellement, la campagne de Bruno Retailleau lors de la primaire des R\u00e9publicains, n\u2019a pas \u00e9t\u00e9 contrari\u00e9e.<\/p>\n<p class=\"fs-5 \">Pour cause : le colleur des affiches anonymes \u00e9tait aussi celui qui posait celles du candidat.<\/p>\n<p class=\"fs-5 \">Dans le m\u00eame temps, le parti lep\u00e9niste est vilipend\u00e9 pour ses doubles discours : \u00ab Souvenez-vous ! Marine Le Pen d\u00e9clarait en 2004 : tout le monde a piqu\u00e9 dans la caisse sauf le Front national \u00bb.<\/p>\n<p class=\"fs-5 \">Ou encore : \u00ab Souvenez-vous ! Marine Le Pen demandait l\u2019in\u00e9ligibilit\u00e9 \u00e0 vie pour le d\u00e9tournement de fonds publics. \u00bb<\/p>\n<p class=\"fs-5 \">Deux d\u00e9clarations qui sonnent faux depuis la condamnation, en mars de la pr\u00e9sidente du groupe Rassemblement national \u00e0 l\u2019Assembl\u00e9e. En premi\u00e8re instance, elle a \u00e9cop\u00e9 de quatre ans de prison dont deux ferme, ainsi que cinq ans d\u2019in\u00e9ligibilit\u00e9 pour d\u00e9tournement de fonds publics.<\/p>\n<p>                                                                                \u00ab \u00c7a n\u2019est pas bien courageux de ne pas assumer \u00bb<\/p>\n<p class=\"fs-5 \">Alors pourquoi ne pas assumer ce rappel d\u2019une d\u00e9cision de justice ? Pourquoi se cacher ? Sollicit\u00e9, le maire n\u2019a pas fait de commentaires.<\/p>\n<p class=\"fs-5 \">Un louvoiement qui se retourne contre lui lorsque Bryan Masson riposte : \u00ab \u00c7a n\u2019est pas bien courageux de ne pas assumer. J\u2019esp\u00e8re que Louis N\u00e8gre, le l\u00e9galiste, est au courant des obligations de transparence et de tra\u00e7abilit\u00e9 sur les financements d\u2019une campagne \u00bb, d\u00e9clarait-il dans nos colonnes en septembre.<\/p>\n<p class=\"fs-5 \">Avant de pr\u00e9ciser avoir \u00ab mandater un huissier pour documenter ces pratiques qui sont d\u2019un autre temps \u00bb. Aucune proc\u00e9dure judiciaire n\u2019a cependant \u00e9t\u00e9 lanc\u00e9e par le d\u00e9put\u00e9-candidat.<\/p>\n<p class=\"fs-5 \">Reste \u00e0 savoir qui a financ\u00e9 ces posters. D\u2019autant plus qu\u2019une nouvelle version estampill\u00e9e \u00ab Coucou le RN, on a oubli\u00e9 son logo ? \u00bb, prolif\u00e8re toujours.<\/p>\n<p class=\"fs-5 \">Pour \u00eatre l\u00e9gales, ces affiches doivent avoir \u00e9t\u00e9 comptabilis\u00e9es dans le compte de campagne.<\/p>\n<p class=\"fs-5 \">En mairie, il se dit que l\u2019\u00e9dile \u00ab paye de sa poche \u00bb.<\/p>\n<p class=\"fs-5 \">Ce qui n\u2019a pas \u00e9t\u00e9 confirm\u00e9, ni r\u00e9fut\u00e9, par le principal int\u00e9ress\u00e9, pr\u00e9f\u00e9rant inviter \u00ab Sherlock Holmes \u00e0 continuer son enqu\u00eate \u00bb.<\/p>\n","protected":false},"excerpt":{"rendered":"Comme leurs affiches, le voile d\u2019opacit\u00e9 a fini par \u00eatre d\u00e9chir\u00e9. Depuis le printemps, des colleurs anonymes placardent&hellip;\n","protected":false},"author":2,"featured_media":580699,"comment_status":"","ping_status":"","sticky":false,"template":"","format":"standard","meta":{"footnotes":""},"categories":[2819],"tags":[1111,11,1777,674,1011,27,12,2401,882,25],"class_list":{"0":"post-580698","1":"post","2":"type-post","3":"status-publish","4":"format-standard","5":"has-post-thumbnail","7":"category-nice","8":"tag-actu","9":"tag-actualites","10":"tag-eu","11":"tag-europe","12":"tag-fr","13":"tag-france","14":"tag-news","15":"tag-nice","16":"tag-provence-alpes-cote-dazur","17":"tag-republique-francaise"},"share_on_mastodon":{"url":"https:\/\/pubeurope.com\/@fr\/115669036210356398","error":""},"_links":{"self":[{"href":"https:\/\/www.europesays.com\/fr\/wp-json\/wp\/v2\/posts\/580698","targetHints":{"allow":["GET"]}}],"collection":[{"href":"https:\/\/www.europesays.com\/fr\/wp-json\/wp\/v2\/posts"}],"about":[{"href":"https:\/\/www.europesays.com\/fr\/wp-json\/wp\/v2\/types\/post"}],"author":[{"embeddable":true,"href":"https:\/\/www.europesays.com\/fr\/wp-json\/wp\/v2\/users\/2"}],"replies":[{"embeddable":true,"href":"https:\/\/www.europesays.com\/fr\/wp-json\/wp\/v2\/comments?post=580698"}],"version-history":[{"count":0,"href":"https:\/\/www.europesays.com\/fr\/wp-json\/wp\/v2\/posts\/580698\/revisions"}],"wp:featuredmedia":[{"embeddable":true,"href":"https:\/\/www.europesays.com\/fr\/wp-json\/wp\/v2\/media\/580699"}],"wp:attachment":[{"href":"https:\/\/www.europesays.com\/fr\/wp-json\/wp\/v2\/media?parent=580698"}],"wp:term":[{"taxonomy":"category","embeddable":true,"href":"https:\/\/www.europesays.com\/fr\/wp-json\/wp\/v2\/categories?post=580698"},{"taxonomy":"post_tag","embeddable":true,"href":"https:\/\/www.europesays.com\/fr\/wp-json\/wp\/v2\/tags?post=580698"}],"curies":[{"name":"wp","href":"https:\/\/api.w.org\/{rel}","templated":true}]}}