{"id":58070,"date":"2025-04-28T01:01:37","date_gmt":"2025-04-28T01:01:37","guid":{"rendered":"https:\/\/www.europesays.com\/fr\/58070\/"},"modified":"2025-04-28T01:01:37","modified_gmt":"2025-04-28T01:01:37","slug":"mignoni-donne-des-nouvelles-de-jaminet-sorti-sur-civiere-contre-vannes","status":"publish","type":"post","link":"https:\/\/www.europesays.com\/fr\/58070\/","title":{"rendered":"Mignoni donne des nouvelles de Jaminet, sorti sur civi\u00e8re contre Vannes"},"content":{"rendered":"<p>L\u2019entra\u00eeneur de Toulon est revenu sur la blessure et la sortie sur civi\u00e8re ce samedi de son arri\u00e8re Melvyn Jaminet.<\/p>\n<p class=\"fig-paragraph\">L&rsquo;arri\u00e8re de\u00a0<a href=\"http:\/\/www.lefigaro.fr\/sports\/rugby\/top-14\/top-14-l-immense-exploit-de-vannes-succes-important-pour-clermont-les-resultats-du-multiplex-20250426\" data-fig-type=\"NewsFlash\" data-gtm-custom-categorie=\"navigation\" data-gtm-custom-action=\"crossclick\" data-gtm-custom-label=\"Contextuel\" data-gtm-event=\"customEventSPE\" data-fig-domain=\"LEFIGARO\" target=\"_blank\" rel=\"noopener\">Toulon<\/a>\u00a0<a href=\"http:\/\/www.lefigaro.fr\/sports\/rugby\/top-14\/affaire-jaminet-le-stade-toulousain-va-lancer-la-riposte-sur-le-terrain-judiciaire-20250424\" data-fig-type=\"NewsFlash\" data-gtm-custom-categorie=\"navigation\" data-gtm-custom-action=\"crossclick\" data-gtm-custom-label=\"Contextuel\" data-gtm-event=\"customEventSPE\" data-fig-domain=\"LEFIGARO\" target=\"_blank\" rel=\"noopener\">Melvyn Jaminet<\/a>, sorti sur une civi\u00e8re samedi apr\u00e8s un choc \u00e0 la t\u00eate lors du match contre Vannes, \u00abva bien\u00bb a assur\u00e9 son entra\u00eeneur Pierre Mignoni apr\u00e8s la rencontre.<\/p>\n<p class=\"fig-paragraph\">\u00abMelvyn Jaminet va bien (&#8230;) il \u00e9tait avec nous dans les vestiaires \u00e0 la fin du match\u00bb, a d\u00e9clar\u00e9 le directeur du rugby du RC Toulon en conf\u00e9rence de presse apr\u00e8s la d\u00e9faite contre Vannes (29-19).<\/p>\n<p class=\"fig-paragraph\">\u00c0 la 48e minute, Jaminet est rest\u00e9 de longtemps au sol, KO apr\u00e8s avoir re\u00e7u un coup de genou involontaire de son co\u00e9quipier Swan Rebbadj. Apr\u00e8s avoir perdu connaissance, selon son entra\u00eeneur, Jaminet a \u00e9t\u00e9 \u00e9vacu\u00e9 sur une civi\u00e8re sous les applaudissements du public, levant le pouce pour rassurer. Depuis son retour de six mois de suspension pour des propos racistes fin f\u00e9vrier, Jaminet a disput\u00e9 huit matches avec Toulon, le buteur marquant au total 100 points.<\/p>\n","protected":false},"excerpt":{"rendered":"L\u2019entra\u00eeneur de Toulon est revenu sur la blessure et la sortie sur civi\u00e8re ce samedi de son arri\u00e8re&hellip;\n","protected":false},"author":2,"featured_media":58071,"comment_status":"","ping_status":"","sticky":false,"template":"","format":"standard","meta":{"footnotes":""},"categories":[9619],"tags":[1111,11,525,4590,1981,2313,814,1777,674,1011,27,955,13084,12,4589,882,2311,3164,3461,25,1980,479,2259,478,2310,2312],"class_list":{"0":"post-58070","1":"post","2":"type-post","3":"status-publish","4":"format-standard","5":"has-post-thumbnail","7":"category-toulon","8":"tag-actu","9":"tag-actualites","10":"tag-calendrier","11":"tag-championnat-france","12":"tag-classement","13":"tag-clermont","14":"tag-direct","15":"tag-eu","16":"tag-europe","17":"tag-fr","18":"tag-france","19":"tag-match","20":"tag-melvyn-jaminet","21":"tag-news","22":"tag-phase-finale","23":"tag-provence-alpes-cote-dazur","24":"tag-racing","25":"tag-rc-vannes","26":"tag-rct","27":"tag-republique-francaise","28":"tag-resultats","29":"tag-rugby","30":"tag-score","31":"tag-top-14","32":"tag-toulon","33":"tag-toulouse"},"share_on_mastodon":{"url":"https:\/\/pubeurope.com\/@fr\/114412891924948486","error":""},"_links":{"self":[{"href":"https:\/\/www.europesays.com\/fr\/wp-json\/wp\/v2\/posts\/58070","targetHints":{"allow":["GET"]}}],"collection":[{"href":"https:\/\/www.europesays.com\/fr\/wp-json\/wp\/v2\/posts"}],"about":[{"href":"https:\/\/www.europesays.com\/fr\/wp-json\/wp\/v2\/types\/post"}],"author":[{"embeddable":true,"href":"https:\/\/www.europesays.com\/fr\/wp-json\/wp\/v2\/users\/2"}],"replies":[{"embeddable":true,"href":"https:\/\/www.europesays.com\/fr\/wp-json\/wp\/v2\/comments?post=58070"}],"version-history":[{"count":0,"href":"https:\/\/www.europesays.com\/fr\/wp-json\/wp\/v2\/posts\/58070\/revisions"}],"wp:featuredmedia":[{"embeddable":true,"href":"https:\/\/www.europesays.com\/fr\/wp-json\/wp\/v2\/media\/58071"}],"wp:attachment":[{"href":"https:\/\/www.europesays.com\/fr\/wp-json\/wp\/v2\/media?parent=58070"}],"wp:term":[{"taxonomy":"category","embeddable":true,"href":"https:\/\/www.europesays.com\/fr\/wp-json\/wp\/v2\/categories?post=58070"},{"taxonomy":"post_tag","embeddable":true,"href":"https:\/\/www.europesays.com\/fr\/wp-json\/wp\/v2\/tags?post=58070"}],"curies":[{"name":"wp","href":"https:\/\/api.w.org\/{rel}","templated":true}]}}