{"id":580700,"date":"2025-12-05T21:16:20","date_gmt":"2025-12-05T21:16:20","guid":{"rendered":"https:\/\/www.europesays.com\/fr\/580700\/"},"modified":"2025-12-05T21:16:20","modified_gmt":"2025-12-05T21:16:20","slug":"premieres-repetitions-a-nice-de-la-piece-de-theatre-prom_14-chroniques-du-proces-de-lattentat-du-14-juillet-2016","status":"publish","type":"post","link":"https:\/\/www.europesays.com\/fr\/580700\/","title":{"rendered":"Premi\u00e8res r\u00e9p\u00e9titions \u00e0 Nice de la pi\u00e8ce de th\u00e9\u00e2tre \u00ab Prom_14, chroniques du proc\u00e8s de l\u2019attentat du 14 juillet 2016 \u00bb"},"content":{"rendered":"<p class=\"fs-5 \">Dix-huit ans. \u00ab La messe est dite. J\u2019esp\u00e8re que tu t\u2019es pas tromp\u00e9. 18 ans, c\u2019est pas rien \u00bb, chuchote \u00e0 l\u2019oreille de son papounet la Se\u00f1orita (1), d\u00e9sormais \u00e0 l\u2019abri de la folie des hommes sur son petit nuage. <\/p>\n<p class=\"fs-5 \">\u00ab Dix-huit ans ferme, chacun. Dix-huit ans ? Merde, me dis-je. Car en v\u00e9rit\u00e9, ce n\u2019\u00e9tait pas la cour mais moi-m\u00eame qui les condamnais \u00e0 cette peine. Et c\u2019\u00e9tait bien la premi\u00e8re fois que je condamnais des gens \u00e0 dix-huit ans de prison \u00bb, venait de penser tout haut le dit-papounet.<\/p>\n<p>                                                                                13 d\u00e9cembre 2022, le verdict<\/p>\n<p class=\"fs-5 \">Nous sommes le 13 d\u00e9cembre 2022. La cour d\u2019assises sp\u00e9cialement compos\u00e9e \u00e0 Paris vient de dire le dernier mot du premier proc\u00e8s de l\u2019attentat du 14 juillet 2016 \u00e0 Nice.<\/p>\n<p class=\"fs-5 \">Proc\u00e8s qui a dur\u00e9 ce que durent les drames, une \u00e9ternit\u00e9.<\/p>\n<p class=\"fs-5 \">Et, pendant cette \u00e9ternit\u00e9, Thierry Vimal, alias Papounet, a \u00e9crit. \u00c9crit, comme on d\u00e9verse sa souffrance, comme on exorcise ses d\u00e9mons. Il a \u00e9crit et \u00e9crit, comme on aimerait lire, \u00e9crit encore, pour laisser cette trace, ind\u00e9l\u00e9bile.<\/p>\n<p class=\"fs-5 \">Pour que son \u00ab Prom_14 \u00bb r\u00e9sonne comme l\u2019a fait V13, le nom de code du proc\u00e8s des attentats de Paris du 13 novembre 2015.<\/p>\n<p class=\"fs-5 \">Trois ans apr\u00e8s, son journal de bord devient une pi\u00e8ce de th\u00e9\u00e2tre en seul-en-sc\u00e8ne : \u00ab Prom_14, chroniques de l\u2019attentat du 14 juillet 2016 \u00bb, pour qu\u2019apr\u00e8s les mots, les paroles frappent.<\/p>\n<p class=\"fs-5 \">Elle sera jou\u00e9e les 25 et 26 juin prochains au th\u00e9\u00e2tre de la Semeuse. Vingt et un jours avant les 10 ans de l\u2019attaque meurtri\u00e8re de la promenade des Anglais.<\/p>\n<p class=\"fs-5 \">\u00c0 la mise en sc\u00e8ne, Thierry Vimal a choisi Jonathan Gensburger, l\u2019acteur, humoriste et r\u00e9alisateur (tr\u00e8s) engag\u00e9. Sur les planches, Julien Storini.<\/p>\n<p>                                                                                SOS Fant\u00f4mes, Dick Rivers<\/p>\n<p class=\"fs-5 \">Hier, c\u2019\u00e9tait r\u00e9p\u00e9tition \u00e0 La Semeuse. La premi\u00e8re, et le trio d\u00e9pote d\u00e9j\u00e0. En phase sur les jeux de sc\u00e8ne, les intonations, les intentions et les silences.<\/p>\n<p class=\"fs-5 \">Le d\u00e9cor ? Minimaliste, resserr\u00e9. \u00ab Comme une cabine de camion, comme un box des accus\u00e9s, comme une bulle, comme un studio radio \u00bb, explique Jonathan Gensburger.<\/p>\n<p class=\"fs-5 \">Sinon ? Juste plusieurs micros dont va se servir \u00ab l\u2019homme-orchestre \u00bb Julien Storini. C\u2019est dans ce petit espace qu\u2019il va jouer pendant une heure et dix minutes les temps forts du proc\u00e8s, diss\u00e9qu\u00e9s par la plume acerbe et folle de Thierry Vimal. De l\u2019ouverture de l\u2019audience au verdict.<\/p>\n<p class=\"fs-5 \">Il est 15 heures pass\u00e9es, ils en sont \u00e0 la sc\u00e8ne sur les avocats. La musique &#8211; iconique &#8211; de Ghostbusters\/SOS Fant\u00f4mes emplit le petit th\u00e9\u00e2tre.<\/p>\n<p class=\"fs-5 \">\u00ab Juju \u00bb s\u2019agite. On rit. Puis vient le chapitre sur les r\u00e9quisitions, suivi d\u2019un peu de Dick Rivers pour le c\u00f4t\u00e9 vintage ni\u00e7o-ni\u00e7ois. Enfin, le verdict.<\/p>\n<p class=\"fs-5 \">Les fameux \u00ab 18 ans de prison \u00bb pour les deux principaux accus\u00e9s qui entra\u00eenent les doutes de Thierry Vimal et de sa fille d\u00e9funte, alors que d\u2019autres, dans la salle, applaudissent \u00e0 l\u2019\u00e9nonc\u00e9 de la sentence.<\/p>\n<p class=\"fs-5 \">Applaudir \u00ab \u00e7a veut dire qu\u2019on les a eus ? Qu\u2019on les a niqu\u00e9s qu\u2019on les emmerde ? Non, non, c\u2019est bien eux qui nous ont niqu\u00e9s \u00bb, articule Julien Storini, alias Thierry Vimal.<\/p>\n<p class=\"fs-5 \">\u00c0 ce moment-l\u00e0, on ne rit plus du tout, parce que la r\u00e9alit\u00e9 c\u2019est que : \u00ab Pour toujours, ici-bas, nous avons perdu \u00bb.<\/p>\n<p class=\"fs-5 \">1. La Se\u00f1orita, c\u2019est le nom que Thierry Vimal donne \u00e0 sa fille, Amie 12 ans, d\u00e9c\u00e9d\u00e9e sur la Prom.<\/p>\n","protected":false},"excerpt":{"rendered":"Dix-huit ans. \u00ab La messe est dite. J\u2019esp\u00e8re que tu t\u2019es pas tromp\u00e9. 18 ans, c\u2019est pas rien&hellip;\n","protected":false},"author":2,"featured_media":580701,"comment_status":"","ping_status":"","sticky":false,"template":"","format":"standard","meta":{"footnotes":""},"categories":[2819],"tags":[1111,11,1777,674,1011,27,12,2401,882,25],"class_list":{"0":"post-580700","1":"post","2":"type-post","3":"status-publish","4":"format-standard","5":"has-post-thumbnail","7":"category-nice","8":"tag-actu","9":"tag-actualites","10":"tag-eu","11":"tag-europe","12":"tag-fr","13":"tag-france","14":"tag-news","15":"tag-nice","16":"tag-provence-alpes-cote-dazur","17":"tag-republique-francaise"},"share_on_mastodon":{"url":"https:\/\/pubeurope.com\/@fr\/115669040186394327","error":""},"_links":{"self":[{"href":"https:\/\/www.europesays.com\/fr\/wp-json\/wp\/v2\/posts\/580700","targetHints":{"allow":["GET"]}}],"collection":[{"href":"https:\/\/www.europesays.com\/fr\/wp-json\/wp\/v2\/posts"}],"about":[{"href":"https:\/\/www.europesays.com\/fr\/wp-json\/wp\/v2\/types\/post"}],"author":[{"embeddable":true,"href":"https:\/\/www.europesays.com\/fr\/wp-json\/wp\/v2\/users\/2"}],"replies":[{"embeddable":true,"href":"https:\/\/www.europesays.com\/fr\/wp-json\/wp\/v2\/comments?post=580700"}],"version-history":[{"count":0,"href":"https:\/\/www.europesays.com\/fr\/wp-json\/wp\/v2\/posts\/580700\/revisions"}],"wp:featuredmedia":[{"embeddable":true,"href":"https:\/\/www.europesays.com\/fr\/wp-json\/wp\/v2\/media\/580701"}],"wp:attachment":[{"href":"https:\/\/www.europesays.com\/fr\/wp-json\/wp\/v2\/media?parent=580700"}],"wp:term":[{"taxonomy":"category","embeddable":true,"href":"https:\/\/www.europesays.com\/fr\/wp-json\/wp\/v2\/categories?post=580700"},{"taxonomy":"post_tag","embeddable":true,"href":"https:\/\/www.europesays.com\/fr\/wp-json\/wp\/v2\/tags?post=580700"}],"curies":[{"name":"wp","href":"https:\/\/api.w.org\/{rel}","templated":true}]}}