{"id":580706,"date":"2025-12-05T21:19:15","date_gmt":"2025-12-05T21:19:15","guid":{"rendered":"https:\/\/www.europesays.com\/fr\/580706\/"},"modified":"2025-12-05T21:19:15","modified_gmt":"2025-12-05T21:19:15","slug":"le-tribunal-administratif-de-bordeaux-dejuge","status":"publish","type":"post","link":"https:\/\/www.europesays.com\/fr\/580706\/","title":{"rendered":"le tribunal administratif de Bordeaux d\u00e9jug\u00e9"},"content":{"rendered":"<blockquote><p>En 2021, les associations D\u00e9fense des milieux aquatiques (DMA) et Sea Shepherd ont demand\u00e9 la cessation de toute activit\u00e9 de chasse concernant 21\u00a0esp\u00e8ces de gibier d\u2019eau sur ce territoire prot\u00e9g\u00e9<\/p><\/blockquote>\n<p>C\u2019est la cons\u00e9quence directe \u2013 m\u00eame si peut-\u00eatre provisoire en attendant que le Conseil d\u2019\u00c9tat, comp\u00e9tent, se prononce \u2013 d\u2019un arr\u00eat de la cour administrative d\u2019appel de Bordeaux qui, le 2\u00a0d\u00e9cembre 2025, a d\u00e9jug\u00e9 le tribunal administratif et annul\u00e9 le jugement de ce dernier.<\/p>\n<p>Le dossier remonte \u00e0 2021, quand les associations D\u00e9fense des milieux aquatiques (DMA) et Sea Shepherd ont demand\u00e9 la cessation de toute activit\u00e9 de chasse concernant 21\u00a0esp\u00e8ces de gibier d\u2019eau sur ce territoire prot\u00e9g\u00e9, une \u00e9valuation des incidences de cette pratique, la destruction des tonnes et la d\u00e9pollution autour de ces installations traditionnelles pour la chasse de nuit sur les pr\u00e9s-sal\u00e9s.<\/p>\n<p>Une victoire salutaire<\/p>\n<p>Une d\u00e9cision implicite de rejet a \u00e9t\u00e9 oppos\u00e9e \u00e0 leur demande. Saisi, le tribunal administratif de Bordeaux a annul\u00e9 cette d\u00e9cision et, le 16\u00a0mai 2023, a enjoint \u00e0 la pr\u00e9fecture d\u2019interdire la chasse de sept gibiers d\u2019eau. Insuffisant pour les uns, excessif pour les autres.<\/p>\n<p>Les deux associations ont fait appel car les premiers juges administratifs n\u2019ont pas fait droit \u00e0 l\u2019int\u00e9gralit\u00e9 de leurs demandes. Le minist\u00e8re en charge de la transition \u00e9cologique, seule autorit\u00e9 comp\u00e9tente pour r\u00e9glementer la chasse d\u2019esp\u00e8ces d\u2019oiseaux de passage et gibiers d\u2019eau, a \u00e9galement fait appel, soutenant notamment que \u00ab\u00a0l\u2019\u00e9tat de conservation des sept esp\u00e8ces n\u2019impliquait pas n\u00e9cessairement une mesure d\u2019interdiction g\u00e9n\u00e9rale et absolue de la chasse\u00a0\u00bb.<\/p>\n","protected":false},"excerpt":{"rendered":"En 2021, les associations D\u00e9fense des milieux aquatiques (DMA) et Sea Shepherd ont demand\u00e9 la cessation de toute&hellip;\n","protected":false},"author":2,"featured_media":580707,"comment_status":"","ping_status":"","sticky":false,"template":"","format":"standard","meta":{"footnotes":""},"categories":[2817],"tags":[1111,11,1997,1777,674,1011,27,12,2219,25],"class_list":{"0":"post-580706","1":"post","2":"type-post","3":"status-publish","4":"format-standard","5":"has-post-thumbnail","7":"category-bordeaux","8":"tag-actu","9":"tag-actualites","10":"tag-bordeaux","11":"tag-eu","12":"tag-europe","13":"tag-fr","14":"tag-france","15":"tag-news","16":"tag-nouvelle-aquitaine","17":"tag-republique-francaise"},"share_on_mastodon":{"url":"https:\/\/pubeurope.com\/@fr\/115669051895877278","error":""},"_links":{"self":[{"href":"https:\/\/www.europesays.com\/fr\/wp-json\/wp\/v2\/posts\/580706","targetHints":{"allow":["GET"]}}],"collection":[{"href":"https:\/\/www.europesays.com\/fr\/wp-json\/wp\/v2\/posts"}],"about":[{"href":"https:\/\/www.europesays.com\/fr\/wp-json\/wp\/v2\/types\/post"}],"author":[{"embeddable":true,"href":"https:\/\/www.europesays.com\/fr\/wp-json\/wp\/v2\/users\/2"}],"replies":[{"embeddable":true,"href":"https:\/\/www.europesays.com\/fr\/wp-json\/wp\/v2\/comments?post=580706"}],"version-history":[{"count":0,"href":"https:\/\/www.europesays.com\/fr\/wp-json\/wp\/v2\/posts\/580706\/revisions"}],"wp:featuredmedia":[{"embeddable":true,"href":"https:\/\/www.europesays.com\/fr\/wp-json\/wp\/v2\/media\/580707"}],"wp:attachment":[{"href":"https:\/\/www.europesays.com\/fr\/wp-json\/wp\/v2\/media?parent=580706"}],"wp:term":[{"taxonomy":"category","embeddable":true,"href":"https:\/\/www.europesays.com\/fr\/wp-json\/wp\/v2\/categories?post=580706"},{"taxonomy":"post_tag","embeddable":true,"href":"https:\/\/www.europesays.com\/fr\/wp-json\/wp\/v2\/tags?post=580706"}],"curies":[{"name":"wp","href":"https:\/\/api.w.org\/{rel}","templated":true}]}}