{"id":580708,"date":"2025-12-05T21:20:16","date_gmt":"2025-12-05T21:20:16","guid":{"rendered":"https:\/\/www.europesays.com\/fr\/580708\/"},"modified":"2025-12-05T21:20:16","modified_gmt":"2025-12-05T21:20:16","slug":"ce-salon-bordeaux-del-mueble-centre-sur-une-immense-bibliotheque-cache-des-idees-de-deco-de-noel-bluffantes-pour-faire-de-votre-salon-un-vrai-reve-le-journal-de-la-maison","status":"publish","type":"post","link":"https:\/\/www.europesays.com\/fr\/580708\/","title":{"rendered":"Ce salon bordeaux d\u2019El Mueble, centr\u00e9 sur une immense biblioth\u00e8que, cache des id\u00e9es de d\u00e9co de No\u00ebl bluffantes pour faire de votre salon un vrai r\u00eave Le Journal de la Maison."},"content":{"rendered":"<p>Au Palacio de Santa B\u00e1rbara, en plein Madrid, les portes de la<br \/>\n<strong>deuxi\u00e8me \u00e9dition de La Casa de Navidad de El<br \/>\nMueble<\/strong> se sont referm\u00e9es apr\u00e8s douze journ\u00e9es d\u2019ateliers,<br \/>\nde discussions et d\u2019exp\u00e9riences sensorielles. Transform\u00e9 en maison<br \/>\nde No\u00ebl \u00e9ph\u00e9m\u00e8re, le palais a accueilli pr\u00e8s de 5 000 visiteurs<br \/>\nvenus vivre de pr\u00e8s cette sc\u00e9nographie qui m\u00eale tradition,<br \/>\nartisanat et design contemporain, comme si l\u2019on entrait dans un<br \/>\nvrai foyer habit\u00e9.<\/p>\n<p>Parmi toutes les pi\u00e8ces de cette Maison de No\u00ebl d\u2019El Mueble, un<br \/>\nespace a concentr\u00e9 les regards et les objectifs : le <strong>salon<br \/>\nbordeaux<\/strong>, pens\u00e9 comme un c\u0153ur chaleureux autour d\u2019une<br \/>\ngrande biblioth\u00e8que, de textiles enveloppants et d\u2019un sapin au<br \/>\ncharme tr\u00e8s classique. Un d\u00e9cor \u00e0 la fois intime et th\u00e9\u00e2tral, qui<br \/>\ndonne envie de s\u2019asseoir, de feuilleter un livre et de laisser la<br \/>\nf\u00eate durer longtemps. Et ce salon raconte vraimen comment un r\u00eave<br \/>\nfestif peut devenir r\u00e9alit\u00e9.<\/p>\n<p>Un salon bordeaux en U qui accueille et structure toute la<br \/>\nmaison<\/p>\n<p>Pour cette seconde \u00e9dition, l\u2019\u00e9quipe cr\u00e9ative a choisi de<br \/>\ntourner le dos au grand salon-salle\u00e0 manger de l\u2019an dernier. \u00ab\u00a0Dans<br \/>\ncette deuxi\u00e8me \u00e9dition de La Casa de Navidad, nous voulions<br \/>\nproposer de nouveaux espaces. C&rsquo;est pourquoi, au lieu de cr\u00e9er un<br \/>\nsalon-salle \u00e0 manger, nous avons imagin\u00e9 un espace de vie avec<br \/>\ncuisine ouverte et une biblioth\u00e8que\u00a0\u00bb, a expliqu\u00e9 Magda Mart\u00ednez,<br \/>\ndirectrice du stylisme d&rsquo;El Mueble, au magazine \u00ab\u00a0El Mueble\u00a0\u00bb. Le<br \/>\nr\u00e9sultat : un salon central en forme de U, dont la distribution<br \/>\nembrasse litt\u00e9ralement le visiteur et marque clairement la<br \/>\nfronti\u00e8re avec le reste de la maison.<\/p>\n<p>La composition repose sur deux canap\u00e9s aux lignes classiques, un<br \/>\ncouple de fauteuils \u00e0 structure apparente et une grande<br \/>\n<strong>tapis moelleuse<\/strong> qui rassemble la zone de<br \/>\nconversation. L\u2019un des canap\u00e9s remplit une double fonction : son<br \/>\ndossier sert d\u2019appui \u00e0 un bureau singulier, riche en d\u00e9tails<br \/>\nartisanaux, accompagn\u00e9 d\u2019une chaise en cuir et cannage. Ce petit<br \/>\nposte de travail, plac\u00e9 entre le salon et la biblioth\u00e8que, agit<br \/>\ncomme un vrai \u00ab\u00a0micro-bureau\u00a0\u00bb domestique, id\u00e9al pour \u00e9crire quelques<br \/>\ncartes de v\u0153ux ou travailler ponctuellement sans quitter l\u2019ambiance<br \/>\ndes f\u00eates.<\/p>\n<p>Couleur bordeaux et textiles enveloppants : la recette d\u2019un<br \/>\ncocon de No\u00ebl<\/p>\n<p>Le parti pris d\u00e9coratif est clair : r\u00e9interpr\u00e9ter un No\u00ebl tr\u00e8s<br \/>\nclassique avec un regard actuel. \u00ab\u00a0Nous voulions nous rem\u00e9morer le<br \/>\nNo\u00ebl le plus traditionnel, alors nous avons mis\u00e9 sur un mobilier<br \/>\nneutre et sur la couleur bordeaux dans la d\u00e9coration festive\u00a0\u00bb,<br \/>\nracontent les stylistes. Ce bordeaux profond appara\u00eet par petites<br \/>\ntouches, sur les coussins, les bo\u00eetes de cadeaux, les textiles et<br \/>\nsurtout dans la d\u00e9coration de l\u2019arbre, tandis que le fil conducteur<br \/>\nde toute la maison reste le vert, rehauss\u00e9 ici ou l\u00e0 de nuances<br \/>\ngrenat pour unir les espaces.<\/p>\n<p>Ce d\u00e9cor s\u2019appuie \u00e9norm\u00e9ment sur les mati\u00e8res. Les canap\u00e9s sont<br \/>\ntapiss\u00e9s d\u2019un tissu \u00e0 chevrons tr\u00e8s doux, les fauteuils se couvrent<br \/>\nde velours, le tout compl\u00e9t\u00e9 par des plaids et des tapis \u00e9pais qui<br \/>\nrendent la pi\u00e8ce presque palpable. Entre le salon et la<br \/>\nbiblioth\u00e8que, une chaise longue cr\u00e9e un coin lecture irr\u00e9sistible.<br \/>\nPour s\u2019en inspirer \u00e0 la maison, miser sur des housses de coussin<br \/>\nsuffit souvent : certains lots de quatre, \u00e0 format carr\u00e9 standard,<br \/>\ntournent autour de 9 euros et permettent de passer \u00e0 un jeu de<br \/>\ncoussins bordeaux sans changer l\u2019int\u00e9gralit\u00e9 du mobilier. Un tissu<br \/>\ndoux, quelques motifs hivernaux discrets, et l\u2019ambiance se<br \/>\nr\u00e9chauffe tr\u00e8svite autour du canap\u00e9.<\/p>\n<ul>\n<li>alterner coussins bordeaux et tons neutres sur le canap\u00e9 ;<\/li>\n<li>ajouter un grand plaid moelleux et un tapis plus \u00e9pais ;<\/li>\n<li>r\u00e9server un fauteuil ou une m\u00e9ridienne \u00e0 un coin lecture pr\u00e8s<br \/>\nde la lumi\u00e8re.<\/li>\n<\/ul>\n<p>Grande biblioth\u00e8que, lumi\u00e8res et<br \/>\nparfums : quand le salon devient exp\u00e9rience de No\u00ebl<\/p>\n<p>La grande vedette architecturale du salon reste pourtant la<br \/>\n<strong>biblioth\u00e8que sur mesure<\/strong>, r\u00e9alis\u00e9e par Muebles<br \/>\nFormas. Large de presque six m\u00e8tres, peinte dans un profond coloris<br \/>\ngraphite, elle s\u2019int\u00e8gre comme si elle avait toujours appartenu \u00e0<br \/>\nla pi\u00e8ce et cache plusieurs compartiments secrets qui ont surpris<br \/>\net amus\u00e9 les visiteurs. En toile de fond du salon en U et de la<br \/>\nchaise longue, elle donne un air de biblioth\u00e8que priv\u00e9e, parfaite<br \/>\npour exposer livres, objets et quelques d\u00e9corations de No\u00ebl bien<br \/>\nchoisies.<\/p>\n<p>L\u2019ambiance ne se joue pas qu\u2019avec les yeux. La Maison de No\u00ebl<br \/>\nd\u2019El Mueble a \u00e9t\u00e9 pens\u00e9e pour se parcourir, se toucher, se sentir<br \/>\naussi : lanternes, bougies et un parfum d\u00e9licat de vanille et de<br \/>\njasmin enveloppent la visite. Sur le sapin, orn\u00e9 de baies, de<br \/>\ngrenades et de boules en verre, le d\u00e9tail qui a fait parler reste<br \/>\nces bougies fix\u00e9es aux branches, clin d\u2019\u0153il direct aux No\u00ebls<br \/>\nd\u2019autrefois. \u00ab\u00a0Au fait, les bougies de l&rsquo;arbre ont conquis !\u00a0\u00bb, a<br \/>\nsoulign\u00e9 Magda Mart\u00ednez. Pour prolonger cette atmosph\u00e8re chez soi,<br \/>\nles petites lampes de table sans fil \u00e0 lumi\u00e8re blanc chaud,<br \/>\naujourd\u2019hui propos\u00e9es autour de 12 euros, les guirlandes \u00e0<br \/>\nintensit\u00e9 douce et quelques bougies bien plac\u00e9es suffisent \u00e0<br \/>\ntransformer un simple salon en v\u00e9ritable sc\u00e8ne de f\u00eate, sans<br \/>\nrenoncer au confort du quotidien.<\/p>\n","protected":false},"excerpt":{"rendered":"Au Palacio de Santa B\u00e1rbara, en plein Madrid, les portes de la deuxi\u00e8me \u00e9dition de La Casa de&hellip;\n","protected":false},"author":2,"featured_media":580709,"comment_status":"","ping_status":"","sticky":false,"template":"","format":"standard","meta":{"footnotes":""},"categories":[2817],"tags":[1111,11,7702,69463,1997,9240,17488,3335,1805,8117,69461,154,1777,674,4560,1011,27,3246,47204,69462,12,15830,2219,471,25,15300,6290,3356,9066,96,15161,17151],"class_list":{"0":"post-580708","1":"post","2":"type-post","3":"status-publish","4":"format-standard","5":"has-post-thumbnail","7":"category-bordeaux","8":"tag-actu","9":"tag-actualites","10":"tag-bibliotheque","11":"tag-bluffantes","12":"tag-bordeaux","13":"tag-cache","14":"tag-ce","15":"tag-centre","16":"tag-de","17":"tag-deco","18":"tag-del","19":"tag-des","20":"tag-eu","21":"tag-europe","22":"tag-faire","23":"tag-fr","24":"tag-france","25":"tag-idees","26":"tag-immense","27":"tag-mueble","28":"tag-news","29":"tag-noel","30":"tag-nouvelle-aquitaine","31":"tag-pour","32":"tag-republique-francaise","33":"tag-reve","34":"tag-salon","35":"tag-sur","36":"tag-un","37":"tag-une","38":"tag-votre","39":"tag-vrai"},"share_on_mastodon":{"url":"https:\/\/pubeurope.com\/@fr\/115669055796361364","error":""},"_links":{"self":[{"href":"https:\/\/www.europesays.com\/fr\/wp-json\/wp\/v2\/posts\/580708","targetHints":{"allow":["GET"]}}],"collection":[{"href":"https:\/\/www.europesays.com\/fr\/wp-json\/wp\/v2\/posts"}],"about":[{"href":"https:\/\/www.europesays.com\/fr\/wp-json\/wp\/v2\/types\/post"}],"author":[{"embeddable":true,"href":"https:\/\/www.europesays.com\/fr\/wp-json\/wp\/v2\/users\/2"}],"replies":[{"embeddable":true,"href":"https:\/\/www.europesays.com\/fr\/wp-json\/wp\/v2\/comments?post=580708"}],"version-history":[{"count":0,"href":"https:\/\/www.europesays.com\/fr\/wp-json\/wp\/v2\/posts\/580708\/revisions"}],"wp:featuredmedia":[{"embeddable":true,"href":"https:\/\/www.europesays.com\/fr\/wp-json\/wp\/v2\/media\/580709"}],"wp:attachment":[{"href":"https:\/\/www.europesays.com\/fr\/wp-json\/wp\/v2\/media?parent=580708"}],"wp:term":[{"taxonomy":"category","embeddable":true,"href":"https:\/\/www.europesays.com\/fr\/wp-json\/wp\/v2\/categories?post=580708"},{"taxonomy":"post_tag","embeddable":true,"href":"https:\/\/www.europesays.com\/fr\/wp-json\/wp\/v2\/tags?post=580708"}],"curies":[{"name":"wp","href":"https:\/\/api.w.org\/{rel}","templated":true}]}}