{"id":580714,"date":"2025-12-05T21:24:17","date_gmt":"2025-12-05T21:24:17","guid":{"rendered":"https:\/\/www.europesays.com\/fr\/580714\/"},"modified":"2025-12-05T21:24:17","modified_gmt":"2025-12-05T21:24:17","slug":"cette-bibliotheque-art-nouveau-a-2-h-de-lille-va-te-couper-le-souffle","status":"publish","type":"post","link":"https:\/\/www.europesays.com\/fr\/580714\/","title":{"rendered":"Cette biblioth\u00e8que Art nouveau \u00e0 2 h de Lille va te couper le souffle"},"content":{"rendered":"<p><b>Un joyau architectural aux airs de carte postale<\/b><\/p>\n<p>\u00c0 un petit saut de Lille, une <a href=\"https:\/\/www.lebonbon.fr\/lille\/good-news\/bruges-destination-ecolo\/?from=undefined\" target=\"_blank\" rel=\"noopener\">ville belge<\/a> abrite l\u2019<strong>un des b\u00e2timents les plus \u00e9l\u00e9gants de la r\u00e9gion<\/strong>\u00a0: une biblioth\u00e8que Art nouveau qui semble pos\u00e9e hors du temps, au milieu d\u2019une place o\u00f9 tout respire l\u2019histoire, la <strong>biblioth\u00e8que universitaire de Louvain<\/strong>. Derri\u00e8re sa fa\u00e7ade imposante et ses d\u00e9tails sculpt\u00e9s, on d\u00e9couvre un lieu fa\u00e7onn\u00e9 par plusieurs vies, reconstruit et r\u00e9invent\u00e9 au fil des d\u00e9cennies sans jamais perdre son \u00e2me.<\/p>\n<p>Comme souvent en Belgique, l\u2019architecture oscille entre h\u00e9ritage flamand, influences modernistes et touches <a href=\"https:\/\/www.lebonbon.fr\/lille\/les-tops-culture\/circuit-art-nouveau-bruxelles\/\" target=\"_blank\" rel=\"noopener\">Art nouveau<\/a> qui attrapent la lumi\u00e8re comme nulle part ailleurs. Et le week-end, <strong>les portes s\u2019ouvrent aux visiteurs <\/strong>venus admirer ce bijou qui attire autant les amateurs d\u2019architecture que les lillois en qu\u00eate d\u2019une escapade culturelle jolie comme tout.<\/p>\n<blockquote class=\"instagram-media\" data-instgrm-permalink=\"https:\/\/www.instagram.com\/p\/DPb6CRzDYTi\/?utm_source=ig_embed&amp;utm_campaign=loading\" data-instgrm-version=\"14\" style=\"background: #FFF; border: 0; border-radius: 3px; box-shadow: 0 0 1px 0 rgba(0,0,0,0.5),0 1px 10px 0 rgba(0,0,0,0.15); margin: 1px; max-width: 540px; min-width: 326px; padding: 0; width: calc(100% - 2px);\">\n<\/blockquote>\n<p><b>Une salle de lecture sublime fa\u00e7on Art nouveau<\/b><\/p>\n<p>C\u2019est en entrant que la magie op\u00e8re vraiment. La grande salle de lecture d\u00e9roule un <strong>d\u00e9cor somptueux <\/strong>: boiseries sombres, verri\u00e8res d\u00e9licates, lignes courbes, lustres dor\u00e9s\u2026 Tout y est pens\u00e9 pour cr\u00e9er cette ambiance feutr\u00e9e propre \u00e0 l\u2019Art nouveau, un m\u00e9lange de po\u00e9sie, de lumi\u00e8re douce et de d\u00e9tails sculpt\u00e9s.<\/p>\n<p>Les \u00e9tudiants install\u00e9s entre les rayonnages donnent au lieu une atmosph\u00e8re presque cin\u00e9matographique\u00a0: celle d\u2019un endroit o\u00f9 le temps ralentit, o\u00f9 chaque pas r\u00e9sonne doucement, o\u00f9 les pages tournent comme dans une sc\u00e8ne de film. Un lieu pens\u00e9 pour le calme, mais assez <strong>spectaculaire<\/strong> pour donner envie de chuchoter \u201cok, l\u00e0, on est dans un chef-d\u2019\u0153uvre\u201d.<\/p>\n<p>Accessible uniquement en journ\u00e9e et certains week-ends, la biblioth\u00e8que universitaire de Louvain est parfaite pour une pause hors du tumulte, une visite culturelle ou une parenth\u00e8se un peu magique \u00e0 deux pas de Lille.<\/p>\n<p>Universiteitsbibliotheek en bibliotheektoren<\/p>\n<li class=\"address info\">21, monseigneur Ladeuzeplein Leuven<\/li>\n<li class=\"opening-hours\">Lundi &#8211; vendredi : 9:00 &#8211; 19:00<\/li>\n<li class=\"opening-hours\">Samedi &#8211; dimanche : 10:00 &#8211; 18:00<\/li>\n<p><script async src=\"\/\/www.instagram.com\/embed.js\"><\/script><\/p>\n","protected":false},"excerpt":{"rendered":"Un joyau architectural aux airs de carte postale \u00c0 un petit saut de Lille, une ville belge abrite&hellip;\n","protected":false},"author":2,"featured_media":580715,"comment_status":"","ping_status":"","sticky":false,"template":"","format":"standard","meta":{"footnotes":""},"categories":[2815],"tags":[1111,11,1777,674,1011,27,811,1307,12,25],"class_list":{"0":"post-580714","1":"post","2":"type-post","3":"status-publish","4":"format-standard","5":"has-post-thumbnail","7":"category-lille","8":"tag-actu","9":"tag-actualites","10":"tag-eu","11":"tag-europe","12":"tag-fr","13":"tag-france","14":"tag-hauts-de-france","15":"tag-lille","16":"tag-news","17":"tag-republique-francaise"},"share_on_mastodon":{"url":"https:\/\/pubeurope.com\/@fr\/115669071593054531","error":""},"_links":{"self":[{"href":"https:\/\/www.europesays.com\/fr\/wp-json\/wp\/v2\/posts\/580714","targetHints":{"allow":["GET"]}}],"collection":[{"href":"https:\/\/www.europesays.com\/fr\/wp-json\/wp\/v2\/posts"}],"about":[{"href":"https:\/\/www.europesays.com\/fr\/wp-json\/wp\/v2\/types\/post"}],"author":[{"embeddable":true,"href":"https:\/\/www.europesays.com\/fr\/wp-json\/wp\/v2\/users\/2"}],"replies":[{"embeddable":true,"href":"https:\/\/www.europesays.com\/fr\/wp-json\/wp\/v2\/comments?post=580714"}],"version-history":[{"count":0,"href":"https:\/\/www.europesays.com\/fr\/wp-json\/wp\/v2\/posts\/580714\/revisions"}],"wp:featuredmedia":[{"embeddable":true,"href":"https:\/\/www.europesays.com\/fr\/wp-json\/wp\/v2\/media\/580715"}],"wp:attachment":[{"href":"https:\/\/www.europesays.com\/fr\/wp-json\/wp\/v2\/media?parent=580714"}],"wp:term":[{"taxonomy":"category","embeddable":true,"href":"https:\/\/www.europesays.com\/fr\/wp-json\/wp\/v2\/categories?post=580714"},{"taxonomy":"post_tag","embeddable":true,"href":"https:\/\/www.europesays.com\/fr\/wp-json\/wp\/v2\/tags?post=580714"}],"curies":[{"name":"wp","href":"https:\/\/api.w.org\/{rel}","templated":true}]}}