{"id":580716,"date":"2025-12-05T21:25:12","date_gmt":"2025-12-05T21:25:12","guid":{"rendered":"https:\/\/www.europesays.com\/fr\/580716\/"},"modified":"2025-12-05T21:25:12","modified_gmt":"2025-12-05T21:25:12","slug":"lille-bouaddi-tres-courtise-prolonge-jusquen-2029-sports","status":"publish","type":"post","link":"https:\/\/www.europesays.com\/fr\/580716\/","title":{"rendered":"Lille : Bouaddi tr\u00e8s courtis\u00e9, prolonge jusqu&rsquo;en 2029 : Sports"},"content":{"rendered":"<p class=\"date\">\n                                                            Axel Allag, Media365, publi\u00e9 le vendredi 05 d\u00e9cembre 2025 \u00e0 21h56\n                                                    <\/p>\n<p>Le jeune milieu de terrain du LOSC, sans que ce soit une surprise, est dans le viseur de plusieurs gros clubs europ\u00e9ens, d&rsquo;apr\u00e8s RMC Sport. Arsenal est pr\u00eat \u00e0 offrir pr\u00e8s de 45 millions d&rsquo;euros \u00e0 Lille d\u00e8s cet hiver, comme Chelsea. Ce vendredi soir, le milieu de terrain a cependant prolong\u00e9 jusqu&rsquo;en 2029 avec les Dogues, juste avant le coup d&rsquo;envoi du match contre l&rsquo;OM.<\/p>\n<p>Il y a du monde sur les rangs pour possiblement recruter Ayyoub Bouaddi. A 18 ans, depuis le d\u00e9but du mois d&rsquo;octobre, le jeune milieu de terrain du LOSC parvient \u00e0 confirmer les espoirs autour de lui cette saison, alors qu&rsquo;il a disput\u00e9 14 matchs de Ligue 1 et quatre de Ligue Europa depuis l&rsquo;entame de ce nouvel exercice. Selon les informations de nos confr\u00e8res de RMC Sport, de multiples grands d&rsquo;Europe sont plus qu&rsquo;attentifs au cas de Bouaddi.<\/p>\n<p>En premier lieu, on retrouve Arsenal, qui serait pr\u00eat comme Chelsea \u00e0 proposer pr\u00e8s de 45 millions d&rsquo;euros au LOSC lors du mercato hivernal de janvier. Le directeur sportif des Gunners, Andrea Berta, aurait d\u00e9j\u00e0 contact\u00e9 l&rsquo;entourage du joueur avec l&rsquo;id\u00e9e de boucler possiblement rapidement ce dossier. Toujours en Premier League, en plus d&rsquo;Arsenal et de Chelsea,\u00a0 les deux clubs de Manchester et Liverpool gardent \u00e9galement un \u0153il sur le joueur, selon RMC Sport, qui affirme que le PSG est attentif au cas d&rsquo;Ayyoub Bouaddi, dont le profil est appr\u00e9ci\u00e9.<\/p>\n<p>Une prolongation officialis\u00e9e avant le match contre l&rsquo;OM<\/p>\n<p>Du c\u00f4t\u00e9 du LOSC, le d\u00e9sir n&rsquo;est pas de se s\u00e9parer du jeune milieu de terrain d\u00e8s le mois de janvier, les Dogues \u00e9tant d\u00e9sireux de conserver Ayyoub Bouaddi et m\u00eame lui faire prolonger son contrat de deux ans, soit jusqu&rsquo;en 2029. Ce qui a donc \u00e9t\u00e9 r\u00e9alis\u00e9 ce vendredi soir, avant le match contre l&rsquo;OM, lorsque les \u00e9crans g\u00e9ants du stade Pierre-Mauroy ont projet\u00e9 des images du joyau. Suspendu pour le match contre le club phoc\u00e9en, le milieu de terrain a pu pr\u00e9senter un maillot floqu\u00e9 du num\u00e9ro \u00ab\u00a02029\u00a0\u00bb aux fans des Dogues.<\/p>\n<p>\u00ab Je suis tr\u00e8s content et fier de prolonger au LOSC, mon club formateur. Ce club m&rsquo;a \u00e9norm\u00e9ment donn\u00e9 et apport\u00e9 dans ma formation, avec des gens que j&rsquo;appr\u00e9cie, qui forment une grande famille. Tout le monde m&rsquo;a beaucoup aid\u00e9 dans mon d\u00e9veloppement et j&rsquo;esp\u00e8re que \u00e7a continuera ainsi. J&rsquo;aimerais aussi dire merci aux supporters pour leur soutien. Je me souviens qu&rsquo;au d\u00e9but, lors de mes premiers matchs, ce n&rsquo;\u00e9tait pas toujours facile, mais ils ont toujours \u00e9t\u00e9 l\u00e0 pour me soutenir. C&rsquo;\u00e9tait donc logique de leur rendre la pareille en prolongeant ici \u00bb, a expliqu\u00e9 le joueur sur un communiqu\u00e9 officiel. Ce qui ne devrait pas l&#8217;emp\u00eacher d&rsquo;\u00eatre courtis\u00e9 durant l&rsquo;\u00e9t\u00e9.<\/p>\n","protected":false},"excerpt":{"rendered":"Axel Allag, Media365, publi\u00e9 le vendredi 05 d\u00e9cembre 2025 \u00e0 21h56 Le jeune milieu de terrain du LOSC,&hellip;\n","protected":false},"author":2,"featured_media":580717,"comment_status":"","ping_status":"","sticky":false,"template":"","format":"standard","meta":{"footnotes":""},"categories":[2815],"tags":[1111,11,1777,674,1011,27,811,1307,12,25],"class_list":{"0":"post-580716","1":"post","2":"type-post","3":"status-publish","4":"format-standard","5":"has-post-thumbnail","7":"category-lille","8":"tag-actu","9":"tag-actualites","10":"tag-eu","11":"tag-europe","12":"tag-fr","13":"tag-france","14":"tag-hauts-de-france","15":"tag-lille","16":"tag-news","17":"tag-republique-francaise"},"share_on_mastodon":{"url":"https:\/\/pubeurope.com\/@fr\/115669075576464004","error":""},"_links":{"self":[{"href":"https:\/\/www.europesays.com\/fr\/wp-json\/wp\/v2\/posts\/580716","targetHints":{"allow":["GET"]}}],"collection":[{"href":"https:\/\/www.europesays.com\/fr\/wp-json\/wp\/v2\/posts"}],"about":[{"href":"https:\/\/www.europesays.com\/fr\/wp-json\/wp\/v2\/types\/post"}],"author":[{"embeddable":true,"href":"https:\/\/www.europesays.com\/fr\/wp-json\/wp\/v2\/users\/2"}],"replies":[{"embeddable":true,"href":"https:\/\/www.europesays.com\/fr\/wp-json\/wp\/v2\/comments?post=580716"}],"version-history":[{"count":0,"href":"https:\/\/www.europesays.com\/fr\/wp-json\/wp\/v2\/posts\/580716\/revisions"}],"wp:featuredmedia":[{"embeddable":true,"href":"https:\/\/www.europesays.com\/fr\/wp-json\/wp\/v2\/media\/580717"}],"wp:attachment":[{"href":"https:\/\/www.europesays.com\/fr\/wp-json\/wp\/v2\/media?parent=580716"}],"wp:term":[{"taxonomy":"category","embeddable":true,"href":"https:\/\/www.europesays.com\/fr\/wp-json\/wp\/v2\/categories?post=580716"},{"taxonomy":"post_tag","embeddable":true,"href":"https:\/\/www.europesays.com\/fr\/wp-json\/wp\/v2\/tags?post=580716"}],"curies":[{"name":"wp","href":"https:\/\/api.w.org\/{rel}","templated":true}]}}