{"id":580737,"date":"2025-12-05T21:37:17","date_gmt":"2025-12-05T21:37:17","guid":{"rendered":"https:\/\/www.europesays.com\/fr\/580737\/"},"modified":"2025-12-05T21:37:17","modified_gmt":"2025-12-05T21:37:17","slug":"ukraine-roustem-oumerov-lhomme-cle-des-negociations-de-paix-negociateur-chevronne-mais-conteste-europeen-de-la-semaine","status":"publish","type":"post","link":"https:\/\/www.europesays.com\/fr\/580737\/","title":{"rendered":"Ukraine: Roustem Oumerov, l&rsquo;homme-cl\u00e9 des n\u00e9gociations de paix, n\u00e9gociateur chevronn\u00e9 mais contest\u00e9 &#8211; Europ\u00e9en de la semaine"},"content":{"rendered":"<p>\n                                                De retour de Moscou, Steve Witkoff, l\u2019envoy\u00e9 sp\u00e9cial de Donald Trump, devait rencontrer ce vendredi 5 d\u00e9cembre en Floride le n\u00e9gociateur en chef ukrainien Roustem Oumerov. Depuis la d\u00e9mission du chef du bureau du pr\u00e9sident Andrii Yermak sur fond de scandale de corruption, le chef du Conseil national de d\u00e9fense et de s\u00e9curit\u00e9 a pris la t\u00eate de la d\u00e9l\u00e9gation ukrainienne pour les n\u00e9gociations de paix avec les Am\u00e9ricains. Consid\u00e9r\u00e9 comme un n\u00e9gociateur chevronn\u00e9, Roustem Oumerov a aussi quelques points faibles.                    <\/p>\n<p>L\u2019ancien ministre de la D\u00e9fense n\u2019en est pas \u00e0 sa premi\u00e8re mission diplomatique. Il a \u00e9t\u00e9 membre de la d\u00e9l\u00e9gation ukrainienne lors des n\u00e9gociations avec la <strong><a href=\"https:\/\/www.rfi.fr\/fr\/tag\/russie\/\" target=\"_self\" class=\"gtm-add-suggested-tag\" rel=\"noopener\">Russie<\/a><\/strong> d\u00e8s 2022. Il a aussi particip\u00e9 aux pourparlers sous l\u2019\u00e9gide de la Turquie et de l&rsquo;<strong><a href=\"https:\/\/www.rfi.fr\/fr\/tag\/onu\/\" target=\"_self\" class=\"gtm-add-suggested-tag\" rel=\"noopener\">ONU<\/a><\/strong>, qui ont d\u00e9bouch\u00e9 sur un accord pour d\u00e9bloquer les exportations c\u00e9r\u00e9ali\u00e8res en mer Noire et a jou\u00e9 un r\u00f4le dans les n\u00e9gociations qui ont abouti \u00e0 des \u00e9changes de prisonniers de guerre et de civils. Musulman, Roustem Oumerov est n\u00e9 en <strong><a href=\"https:\/\/www.rfi.fr\/fr\/tag\/ouzb\u00e9kistan\/\" target=\"_self\" class=\"gtm-add-suggested-tag\" rel=\"noopener\">Ouzb\u00e9kistan<\/a><\/strong> sovi\u00e9tique, dans une famille de Tatars de Crim\u00e9e d\u00e9port\u00e9e de la p\u00e9ninsule sur ordre de Staline. Cheveux ras\u00e9s, visage rond, barbe de trois jours, carrure \u00e9paisse, toujours v\u00eatu d\u2019un treillis militaire, ce polyglotte a aussi particip\u00e9 cette ann\u00e9e \u00e0 deux cycles de pourparlers \u00e0 Istanbul avec la d\u00e9l\u00e9gation russe. Et il \u00e9tait d\u00e9j\u00e0 pr\u00e9sent en Floride le mois dernier, lorsque le plan de paix en 28 points a fait surface. \u00ab\u00a0C\u2019est un n\u00e9gociateur pas facile, assez comp\u00e9tent, pers\u00e9v\u00e9rant et m\u00e9thodique. Il est entr\u00e9 dans le processus de n\u00e9gociation notamment gr\u00e2ce \u00e0 ses liens \u00e9tendus avec le monde islamique, puisqu\u2019il est issu du peuple tatar de Crim\u00e9e. La <strong><a href=\"https:\/\/www.rfi.fr\/fr\/tag\/turquie\/\" target=\"_self\" class=\"gtm-add-suggested-tag\" rel=\"noopener\">Turquie<\/a><\/strong> lui \u00e9tait donc proche, il s\u2019y sentait \u00e0 l\u2019aise, et il s\u2019est r\u00e9v\u00e9l\u00e9 dans son travail comme un n\u00e9gociateur s\u00e9rieux et respect\u00e9\u00a0\u00bb, note le politologue ukrainien Ruslan Bortnik. \u00ab\u00a0Il est l\u2019une des figures de n\u00e9gociation les plus importantes dont dispose encore le pr\u00e9sident\u00a0\u00bb, apr\u00e8s la d\u00e9mission du chef de son administration qui menait aussi les discussions internationales pour la partie ukrainienne.<\/p>\n<p class=\"a-read-more\">\u00c0 lire aussi<a href=\"https:\/\/www.rfi.fr\/fr\/podcasts\/europ\u00e9en-de-la-semaine\/20230909-ukraine-roustem-oumerov-un-incorruptible-au-minist\u00e8re-de-la-d\u00e9fense\" target=\"_self\" class=\"a-read-more__link\" rel=\"noopener\">Ukraine: Roustem Oumerov, un \u00abincorruptible\u00bb au minist\u00e8re de la D\u00e9fense<\/a><\/p>\n<p> R\u00e9formateur <\/p>\n<p>Lorsqu\u2019il a pris le portefeuille de la D\u00e9fense en 2023, <strong><a href=\"https:\/\/www.rfi.fr\/fr\/podcasts\/invit\u00e9-international\/20230904-corruption-en-ukraine-avant-la-guerre-il-y-avait-un-probl\u00e8me-syst\u00e9mique\" target=\"_self\" rel=\"noopener\">en remplacement d\u2019Oleksiy Reznikov<\/a><\/strong>, emp\u00eatr\u00e9 dans une affaire de corruption, la soci\u00e9t\u00e9 civile, dans l\u2019ensemble, avait applaudi, voyant en Rustem Oumerov, un r\u00e9formateur qui pourrait mettre de l\u2019ordre dans ce minist\u00e8re et en particulier dans les achats de mat\u00e9riel militaire. D\u00e9put\u00e9 du parti lib\u00e9ral d\u2019opposition Holos entre 2019 et 2022, il avait \u00e9t\u00e9 \u00e0 la t\u00eate de la commission parlementaire charg\u00e9e de contr\u00f4ler les livraisons d\u2019armes occidentales, s\u2019y forgeant une r\u00e9putation de militant anti-corruption qu\u2019il a consolid\u00e9e en tant que directeur du Fonds des biens d\u2019\u00c9tat, le principal fonds de privatisation du pays. Mais, les attentes de la soci\u00e9t\u00e9 civile ont \u00e9t\u00e9 d\u00e9\u00e7ues. \u00ab\u00a0Sa nomination comme ministre de la D\u00e9fense a \u00e9t\u00e9 une erreur\u00a0\u00bb, affirme Daria Kaleniuk, directrice et fondatrice de l&rsquo;Anti-Corruption Action Centre (AntAC).\u00a0\u00ab Notre organisation et moi-m\u00eame avons reconnu que nous nous \u00e9tions tromp\u00e9s dans notre \u00e9valuation de Roustem Oumerov. Nous l\u2019avons fortement critiqu\u00e9 pour sa gestion d\u00e9faillante du minist\u00e8re. En r\u00e9alit\u00e9, il ne g\u00e9rait rien du tout. C\u2019\u00e9tait devenu un v\u00e9ritable \u00ab\u00a0minist\u00e8re du chaos\u00a0\u00bb\u00a0\u00bb. Selon l\u2019experte, l\u2019ancien ministre de la D\u00e9fense aurait m\u00eame annul\u00e9 certaines de ses propres r\u00e9formes dans le domaine des achats militaires. Sous pression, Roustem Oumerov avait fini par quitter le minist\u00e8re l\u2019\u00e9t\u00e9 dernier pour prendre la t\u00eate du Conseil de d\u00e9fense et de s\u00e9curit\u00e9 nationale, un changement pr\u00e9sent\u00e9 comme une promotion.<\/p>\n<p class=\"a-read-more\">\u00c0 lire aussi<a href=\"https:\/\/www.rfi.fr\/fr\/europe\/20230904-ukraine-roustem-oumerov-nomm\u00e9-nouveau-ministre-de-la-d\u00e9fense-par-le-pr\u00e9sident-zelensky\" target=\"_self\" class=\"a-read-more__link\" rel=\"noopener\">Ukraine: Roustem Oumerov nomm\u00e9 nouveau ministre de la D\u00e9fense par le pr\u00e9sident Zelensky<\/a><\/p>\n<p> \u00ab Minist\u00e8re du chaos\u00a0\u00bb <\/p>\n<p>Sa nomination comme n\u00e9gociateur-cl\u00e9 avec les Am\u00e9ricains est intervenue apr\u00e8s son audition par le Bureau national anticorruption (NABU), le 26 novembre, dans le cadre du vaste scandale dans le secteur de l\u2019\u00e9nergie. Cette affaire, dont toute l&rsquo;ampleur n&rsquo;a pas encore \u00e9t\u00e9 r\u00e9v\u00e9l\u00e9e et qui a pouss\u00e9 \u00e0 la d\u00e9mission\u00a0<strong><a href=\"https:\/\/www.rfi.fr\/fr\/podcasts\/europ\u00e9en-de-la-semaine\/20251128-ukraine-andriy-iermak-le-puissant-bras-droit-de-volodymyr-zelensky-pouss\u00e9-\u00e0-la-d\u00e9mission\" target=\"_self\" rel=\"noopener\">Andrii Yermak, le bras droit du pr\u00e9sident<\/a><\/strong>, a pour personnage principal l\u2019homme d&rsquo;affaires en fuite Timour Minditch. Selon le NABU, ce dernier est soup\u00e7onn\u00e9 d\u2019avoir influenc\u00e9 des d\u00e9cisions de hauts responsables du gouvernement, dont l\u2019ex-ministre de la D\u00e9fense, Roustem Oumerov. Entendu en tant que t\u00e9moin, il n\u2019a jusque-l\u00e0 pas fait l\u2019objet d\u2019accusations. \u00ab\u00a0Il est possible que cette nomination doive aussi \u00eatre per\u00e7ue comme une tentative du pr\u00e9sident de prot\u00e9ger une figure politique dont il a besoin\u00a0\u00bb, note Ruslan Bortnik, soulignant que le pr\u00e9sident ukrainien avait utilis\u00e9 une m\u00e9thode similaire avec son chef de l\u2019administration.<\/p>\n<p>Le NABU n\u2019a pas encore r\u00e9v\u00e9l\u00e9 tous les d\u00e9tails des heures d\u2019enregistrements auxquelles il a eu acc\u00e8s. \u00ab\u00a0Nous nous attendons \u00e0 de nouvelles r\u00e9v\u00e9lations, notamment concernant Fire Point \u2014 une soci\u00e9t\u00e9 consid\u00e9r\u00e9e comme contr\u00f4l\u00e9e par Timour Minditch, qui a re\u00e7u d\u2019\u00e9normes contrats du minist\u00e8re de la D\u00e9fense pour des drones et le projet de missile \u00ab\u00a0Flamingo\u00a0\u00bb. De nombreuses questions se posent \u00e0 propos de cette entreprise\u00a0\u00bb, souligne Daria Kaleniuk. Pour la militante anti-corruption, la d\u00e9signation de Roustem Oumerov comme principal n\u00e9gociateur ukrainien dans les pourparlers de paix est \u00ab\u00a0une tr\u00e8s mauvaise d\u00e9cision\u00a0\u00bb, en raison d\u2019un \u00ab\u00a0conflit d\u2019int\u00e9r\u00eats potentiel : il pourrait utiliser ces n\u00e9gociations pour se maintenir au pouvoir ou \u00e9viter des poursuites. Ses intentions pourraient ne pas \u00eatre align\u00e9es sur les int\u00e9r\u00eats de l\u2019Ukraine mais sur les siens.\u00a0\u00bb\u00a0La directrice de l&rsquo;ONG Anti-Corruption Action Center, \u00ab\u00a0Zelenskyy devrait d\u00e9mettre Oumerov de ses fonctions sans attendre qu&rsquo;il soit inculp\u00e9 ou qu&rsquo;il fasse l&rsquo;objet d\u2019enqu\u00eates. Il n&rsquo;est tout simplement pas la personne en qui les Ukrainiens ont confiance\u00a0\u00bb.<\/p>\n<p>Si Roustem Oumerov a \u00e9t\u00e9 entendu en tant que t\u00e9moin, sans qu\u2019aucune accusation ne soit formul\u00e9e \u00e0 son encontre, sa situation pose un probl\u00e8me, selon Ruslan Bortnik. \u00ab\u00a0Le chef de la d\u00e9l\u00e9gation ukrainienne se retrouve dans une position vuln\u00e9rable, d\u2019un c\u00f4t\u00e9 en raison des enqu\u00eates anti-corruption, et de l\u2019autre, parce que sa famille vit aux \u00c9tats-Unis\u00a0\u00bb. Plusieurs organisations de la soci\u00e9t\u00e9 civile ont affirm\u00e9 que la famille de Roustem Oumerov poss\u00e9dait plusieurs propri\u00e9t\u00e9s de luxe aux <strong><a href=\"https:\/\/www.rfi.fr\/fr\/tag\/\u00e9tats-unis\/\" target=\"_self\" class=\"gtm-add-suggested-tag\" rel=\"noopener\">\u00c9tats-Unis<\/a><\/strong> \u2014 une affirmation que lui et son service de presse d\u00e9mentent. Selon<strong> <a href=\"https:\/\/antac.org.ua\/news\/tspk-znayshly-v-rodyny-umierovykh-8-elitnykh-ob-iektiv-nerukhomosti-u-ssha-try-kvartyry-u-florydi-odnu-u-niu-yorku-ta-4-villy-bilia-maiami\/?utm_source=in_materials\" target=\"_blank\" rel=\"noopener\">une enqu\u00eate r\u00e9cente de l\u2019ONG AntAC<\/a><\/strong>, la famille Oumerov poss\u00e9derait ou louerait plusieurs biens immobiliers outre-Atlantique : trois appartements en Floride, un appartement \u00e0 New York, et quatre villas pr\u00e8s de Miami. \u00ab\u00a0Tous ces biens n\u2019ont pas \u00e9t\u00e9 d\u00e9clar\u00e9s conform\u00e9ment \u00e0 la l\u00e9gislation ukrainienne, or nous disposons de preuves provenant de registres publics am\u00e9ricains et de certains registres non publics. Nous connaissons exactement les adresses des villas et des appartements\u00a0\u00bb, affirme Daria Kaleniuk, \u00ab\u00a0et on ne sait absolument pas d\u2019o\u00f9 proviennent les fonds permettant un tel train de vie\u00a0\u00bb.<\/p>\n","protected":false},"excerpt":{"rendered":"De retour de Moscou, Steve Witkoff, l\u2019envoy\u00e9 sp\u00e9cial de Donald Trump, devait rencontrer ce vendredi 5 d\u00e9cembre en&hellip;\n","protected":false},"author":2,"featured_media":580738,"comment_status":"","ping_status":"","sticky":false,"template":"","format":"standard","meta":{"footnotes":""},"categories":[1590],"tags":[11,1770,312,75,1777,674,19690,12,220,134],"class_list":{"0":"post-580737","1":"post","2":"type-post","3":"status-publish","4":"format-standard","5":"has-post-thumbnail","7":"category-ukraine","8":"tag-actualites","9":"tag-corruption","10":"tag-diplomatie","11":"tag-donald-trump","12":"tag-eu","13":"tag-europe","14":"tag-europeen-de-la-semaine","15":"tag-news","16":"tag-ukraine","17":"tag-volodymyr-zelensky"},"share_on_mastodon":{"url":"https:\/\/pubeurope.com\/@fr\/115669122610424329","error":""},"_links":{"self":[{"href":"https:\/\/www.europesays.com\/fr\/wp-json\/wp\/v2\/posts\/580737","targetHints":{"allow":["GET"]}}],"collection":[{"href":"https:\/\/www.europesays.com\/fr\/wp-json\/wp\/v2\/posts"}],"about":[{"href":"https:\/\/www.europesays.com\/fr\/wp-json\/wp\/v2\/types\/post"}],"author":[{"embeddable":true,"href":"https:\/\/www.europesays.com\/fr\/wp-json\/wp\/v2\/users\/2"}],"replies":[{"embeddable":true,"href":"https:\/\/www.europesays.com\/fr\/wp-json\/wp\/v2\/comments?post=580737"}],"version-history":[{"count":0,"href":"https:\/\/www.europesays.com\/fr\/wp-json\/wp\/v2\/posts\/580737\/revisions"}],"wp:featuredmedia":[{"embeddable":true,"href":"https:\/\/www.europesays.com\/fr\/wp-json\/wp\/v2\/media\/580738"}],"wp:attachment":[{"href":"https:\/\/www.europesays.com\/fr\/wp-json\/wp\/v2\/media?parent=580737"}],"wp:term":[{"taxonomy":"category","embeddable":true,"href":"https:\/\/www.europesays.com\/fr\/wp-json\/wp\/v2\/categories?post=580737"},{"taxonomy":"post_tag","embeddable":true,"href":"https:\/\/www.europesays.com\/fr\/wp-json\/wp\/v2\/tags?post=580737"}],"curies":[{"name":"wp","href":"https:\/\/api.w.org\/{rel}","templated":true}]}}