{"id":580742,"date":"2025-12-05T21:41:21","date_gmt":"2025-12-05T21:41:21","guid":{"rendered":"https:\/\/www.europesays.com\/fr\/580742\/"},"modified":"2025-12-05T21:41:21","modified_gmt":"2025-12-05T21:41:21","slug":"les-bleus-pourraient-defier-lallemagne-des-les-8es-de-finale","status":"publish","type":"post","link":"https:\/\/www.europesays.com\/fr\/580742\/","title":{"rendered":"les Bleus pourraient d\u00e9fier l\u2019Allemagne d\u00e8s les 8es de finale"},"content":{"rendered":"<p>Le verdict est tomb\u00e9. <a href=\"https:\/\/www.footmercato.net\/a3497114210617906684-coupe-du-monde-2026-le-tirage-au-sort-complet\" target=\"_blank\" rel=\"noopener\">Ce vendredi soir avait lieu le tirage au sort de la Coupe du Monde 2026 et l\u2019\u00e9quipe de France a h\u00e9rit\u00e9 d\u2019un groupe particuli\u00e8rement relev\u00e9 avec le S\u00e9n\u00e9gal, la Norv\u00e8ge et le vainqueur des barrages de la voie 2 (Bolivie, Suriname ou l\u2019Iraq)<\/a>.<\/p>\n<p>            La suite apr\u00e8s cette publicit\u00e9<\/p>\n<p>    La France a-t-elle h\u00e9rit\u00e9 du tirage le plus difficile ?<\/p>\n<p>    ]]><\/p>\n<p>\n            G\u00e9n\u00e9ration de l&rsquo;image en cours\n        <\/p>\n<p>Plac\u00e9e dans le groupe I, l\u2019\u00c9quipe de <a href=\"https:\/\/www.footmercato.net\/selection\/france\/\" target=\"_blank\" rel=\"noopener\">France<\/a> pourrait donc croiser l\u2019Allemagne d\u00e8s les huiti\u00e8mes de finale. La France se retrouve dans la partie de tableau de l\u2019Espagne, lui permettant toutefois d\u2019\u00e9viter l\u2019Argentine jusqu\u2019\u00e0 une hypoth\u00e9tique finale. <\/p>\n<p>\n    Pub. le 05\/12\/2025 20:35<br \/>\n            &#8211; MAJ le 05\/12\/2025 21:45\n    <\/p>\n","protected":false},"excerpt":{"rendered":"Le verdict est tomb\u00e9. Ce vendredi soir avait lieu le tirage au sort de la Coupe du Monde&hellip;\n","protected":false},"author":2,"featured_media":580743,"comment_status":"","ping_status":"","sticky":false,"template":"","format":"standard","meta":{"footnotes":""},"categories":[1587],"tags":[11,672,1804,1805,1803,1777,674,1801,12,1802],"class_list":{"0":"post-580742","1":"post","2":"type-post","3":"status-publish","4":"format-standard","5":"has-post-thumbnail","7":"category-allemagne","8":"tag-actualites","9":"tag-allemagne","10":"tag-bundesrepublik-deutschland","11":"tag-de","12":"tag-deutschland","13":"tag-eu","14":"tag-europe","15":"tag-germany","16":"tag-news","17":"tag-republique-federale-dallemagne"},"share_on_mastodon":{"url":"https:\/\/pubeurope.com\/@fr\/115669138366113064","error":""},"_links":{"self":[{"href":"https:\/\/www.europesays.com\/fr\/wp-json\/wp\/v2\/posts\/580742","targetHints":{"allow":["GET"]}}],"collection":[{"href":"https:\/\/www.europesays.com\/fr\/wp-json\/wp\/v2\/posts"}],"about":[{"href":"https:\/\/www.europesays.com\/fr\/wp-json\/wp\/v2\/types\/post"}],"author":[{"embeddable":true,"href":"https:\/\/www.europesays.com\/fr\/wp-json\/wp\/v2\/users\/2"}],"replies":[{"embeddable":true,"href":"https:\/\/www.europesays.com\/fr\/wp-json\/wp\/v2\/comments?post=580742"}],"version-history":[{"count":0,"href":"https:\/\/www.europesays.com\/fr\/wp-json\/wp\/v2\/posts\/580742\/revisions"}],"wp:featuredmedia":[{"embeddable":true,"href":"https:\/\/www.europesays.com\/fr\/wp-json\/wp\/v2\/media\/580743"}],"wp:attachment":[{"href":"https:\/\/www.europesays.com\/fr\/wp-json\/wp\/v2\/media?parent=580742"}],"wp:term":[{"taxonomy":"category","embeddable":true,"href":"https:\/\/www.europesays.com\/fr\/wp-json\/wp\/v2\/categories?post=580742"},{"taxonomy":"post_tag","embeddable":true,"href":"https:\/\/www.europesays.com\/fr\/wp-json\/wp\/v2\/tags?post=580742"}],"curies":[{"name":"wp","href":"https:\/\/api.w.org\/{rel}","templated":true}]}}