{"id":580746,"date":"2025-12-05T21:44:21","date_gmt":"2025-12-05T21:44:21","guid":{"rendered":"https:\/\/www.europesays.com\/fr\/580746\/"},"modified":"2025-12-05T21:44:21","modified_gmt":"2025-12-05T21:44:21","slug":"pourquoi-la-france-na-pas-eu-louzbekistan-dans-le-chapeau-3-mondial-2026-tirage-au-sort","status":"publish","type":"post","link":"https:\/\/www.europesays.com\/fr\/580746\/","title":{"rendered":"Pourquoi la France n\u2019a pas eu l\u2019Ouzb\u00e9kistan dans le chapeau 3 &#8211; Mondial 2026 &#8211; Tirage au sort"},"content":{"rendered":"<p>Temp\u00eate sous un cr\u00e2ne.<\/p>\n<p>Le<strong> tirage au sort de la Coupe du monde 2026<\/strong> a r\u00e9ussi l\u2019exploit de donner mal \u00e0 la t\u00eate aux spectateurs et aux commentateurs. Apr\u00e8s le S\u00e9n\u00e9gal, <strong>l\u2019\u00e9quipe de France a cru tirer l\u2019Ouzb\u00e9kistan dans le chapeau 3<\/strong>\u2026 sauf que le repr\u00e9sentant asiatique a finalement \u00e9t\u00e9 plac\u00e9 dans le groupe K, avec le Portugal et la Colombie. Pourquoi ? Pour faire plaisir \u00e0 Cristiano Ronaldo, qui pourra planter un tripl\u00e9 en pantoufles ? Peut-\u00eatre, mais ce n\u2019est pas la premi\u00e8re explication.<\/p>\n<p>La justification rel\u00e8ve des <strong>r\u00e8gles de r\u00e9partition g\u00e9ographique<\/strong>. Compte tenu de la composition des groupes \u00e0 ce stade du tirage, les options de groupes disponibles pour recevoir le <strong>barragiste intercontinental num\u00e9ro 2<\/strong> (Bolivie, Suriname, Irak) \u00e9taient consid\u00e9rablement r\u00e9duites. Celui-ci ne pouvait \u00eatre plac\u00e9 que <strong>dans un groupe d\u00e9pourvu d\u2019\u00e9quipe de la CONCACAF, de l\u2019AFC ou de la CONMEBOL<\/strong>. Si l\u2019Ouzb\u00e9kistan rejoignait les Bleus, il n\u2019y avait vraisemblablement plus d\u2019emplacement disponible pour le barragiste intercontinental num\u00e9ro 2. L\u2019Ouzb\u00e9kistan a donc pris une autre route et c\u2019est la Norv\u00e8ge qui est arriv\u00e9e dans le groupe I, o\u00f9 a pu se blottir le fameux barragiste myst\u00e8re.<\/p>\n<p>Pourquoi faire simple quand on peut faire compliqu\u00e9.<\/p>\n","protected":false},"excerpt":{"rendered":"Temp\u00eate sous un cr\u00e2ne. Le tirage au sort de la Coupe du monde 2026 a r\u00e9ussi l\u2019exploit de&hellip;\n","protected":false},"author":2,"featured_media":580747,"comment_status":"","ping_status":"","sticky":false,"template":"","format":"standard","meta":{"footnotes":""},"categories":[1586],"tags":[47,11,61,69,65,64,1777,674,1779,63,1011,27,68,66,12,62,70,25,67,1778,364],"class_list":{"0":"post-580746","1":"post","2":"type-post","3":"status-publish","4":"format-standard","5":"has-post-thumbnail","7":"category-europe","8":"tag-actualite","9":"tag-actualites","10":"tag-actus-football","11":"tag-bundesliga","12":"tag-championnats-europeens","13":"tag-equipe-de-france","14":"tag-eu","15":"tag-europe","16":"tag-european-union","17":"tag-football","18":"tag-fr","19":"tag-france","20":"tag-ligua","21":"tag-ligue-1","22":"tag-news","23":"tag-news-foot","24":"tag-premier-league","25":"tag-republique-francaise","26":"tag-serie-a","27":"tag-ue","28":"tag-union-europeenne"},"share_on_mastodon":{"url":"https:\/\/pubeurope.com\/@fr\/115669150224470473","error":""},"_links":{"self":[{"href":"https:\/\/www.europesays.com\/fr\/wp-json\/wp\/v2\/posts\/580746","targetHints":{"allow":["GET"]}}],"collection":[{"href":"https:\/\/www.europesays.com\/fr\/wp-json\/wp\/v2\/posts"}],"about":[{"href":"https:\/\/www.europesays.com\/fr\/wp-json\/wp\/v2\/types\/post"}],"author":[{"embeddable":true,"href":"https:\/\/www.europesays.com\/fr\/wp-json\/wp\/v2\/users\/2"}],"replies":[{"embeddable":true,"href":"https:\/\/www.europesays.com\/fr\/wp-json\/wp\/v2\/comments?post=580746"}],"version-history":[{"count":0,"href":"https:\/\/www.europesays.com\/fr\/wp-json\/wp\/v2\/posts\/580746\/revisions"}],"wp:featuredmedia":[{"embeddable":true,"href":"https:\/\/www.europesays.com\/fr\/wp-json\/wp\/v2\/media\/580747"}],"wp:attachment":[{"href":"https:\/\/www.europesays.com\/fr\/wp-json\/wp\/v2\/media?parent=580746"}],"wp:term":[{"taxonomy":"category","embeddable":true,"href":"https:\/\/www.europesays.com\/fr\/wp-json\/wp\/v2\/categories?post=580746"},{"taxonomy":"post_tag","embeddable":true,"href":"https:\/\/www.europesays.com\/fr\/wp-json\/wp\/v2\/tags?post=580746"}],"curies":[{"name":"wp","href":"https:\/\/api.w.org\/{rel}","templated":true}]}}