{"id":580756,"date":"2025-12-05T21:50:17","date_gmt":"2025-12-05T21:50:17","guid":{"rendered":"https:\/\/www.europesays.com\/fr\/580756\/"},"modified":"2025-12-05T21:50:17","modified_gmt":"2025-12-05T21:50:17","slug":"mignoni-en-colere","status":"publish","type":"post","link":"https:\/\/www.europesays.com\/fr\/580756\/","title":{"rendered":"Mignoni en col\u00e8re"},"content":{"rendered":"<p><strong>D\u00e9clar\u00e9 apte dans un premier<br \/>\ntemps puis inapte ensuite, Charles Ollivon, victime d&rsquo;une commotion<br \/>\navec le XV de France face \u00e0 l&rsquo;Australie fin novembre, ne pourra pas<br \/>\nreprendre la comp\u00e9tition avec Toulon, dimanche en Champions Cup \u00e0<br \/>\nEdimbourg. L&rsquo;entra\u00eeneur du RCT Pierre Mignoni ne comprend pas cette<br \/>\nd\u00e9cision.<\/strong><\/p>\n<p>La saison europ\u00e9enne n\u2019a pas encore commenc\u00e9 pour Toulon que<br \/>\nPierre Mignoni est d\u00e9j\u00e0 en col\u00e8re. Alors qu\u2019il pensait pouvoir<br \/>\ncompter sur Charles Ollivon pour le d\u00e9placement de dimanche chez<br \/>\nles Ecossais d\u2019Edimbourg (18h30) lors de la journ\u00e9e inaugurale de<br \/>\nChampions Cup, l\u2019entra\u00eeneur du RCT en sera finalement priv\u00e9.<\/p>\n<p>Apr\u00e8s avoir \u00e9t\u00e9 d\u00e9clar\u00e9 apte, l\u2019ancien capitaine des Bleus \u00e0<br \/>\nl\u2019arr\u00eat depuis sa commotion contract\u00e9e face \u00e0 l\u2019Australie avec le<br \/>\nXV de France lors de la tourn\u00e9e d\u2019automne des joueurs de Fabien<br \/>\nGalthi\u00e9 a en effet \u00e9t\u00e9 d\u00e9clar\u00e9 inapte au sortir d\u2019une consultation<br \/>\nen visio en milieu de semaine avec un m\u00e9decin ind\u00e9pendant.<\/p>\n<p>Mignoni, qui ne comprend pas cette d\u00e9cision, n\u2019a pas cach\u00e9<br \/>\nvendredi devant la presse qu\u2019il avait beaucoup de mal \u00e0 avaler la<br \/>\npilule. Et ce d\u2019autant que le troisi\u00e8me ligne international<br \/>\nfran\u00e7ais de Toulon avait repris l\u2019entra\u00eenement normalement en d\u00e9but<br \/>\nde semaine apr\u00e8s avoir respect\u00e9 la p\u00e9riode de repos obligatoire<br \/>\ndans pareil cas de figure. L\u2019ancien demi de m\u00eal\u00e9e y voit une<br \/>\nd\u00e9cision \u00ab\u00a0politique\u00a0\u00bb.<\/p>\n<p>Mignoni : \u00ab\u00a0C\u2019est de la<br \/>\npolitique\u00a0\u00bb<\/p>\n<p>\u00ab\u00a0A partir du moment o\u00f9 il est apte, je consid\u00e8re que c\u2019est<br \/>\nde la politique. On est donc dans la politique, on se couvre. Sauf<br \/>\nque nous, nous ne sommes pas l\u00e0 pour nous couvrir. Nous sommes l\u00e0<br \/>\npour prot\u00e9ger les joueurs dans un premier temps, et pour performer<br \/>\ndans un second temps. C\u2019est-\u00e0-dire gagner avec des joueurs capables<br \/>\nde jouer. Cette personne-l\u00e0 a dit non. Elle doit certainement avoir<br \/>\ndes raisons (\u2026) et a certainement raison (\u2026) Mais \u00e0 partir du<br \/>\nmoment o\u00f9 il est apte, je consid\u00e8re que c\u2019est de la<br \/>\npolitique\u00a0\u00bb, ne d\u00e9col\u00e8re pas Mignoni, tomb\u00e9 de haut en<br \/>\napprenant qu\u2019Ollivon ne pourrait pas retrouver les terrains ce<br \/>\nweek-end en Champions Cup.<\/p>\n<p>\u00ab\u00a0On a suivi le protocole de reprise de Charles Ollivon<br \/>\napr\u00e8s sa commotion, qui n\u2019avait pas \u00e9t\u00e9 d\u00e9tect\u00e9e tout de suite.<br \/>\nNous avons pris le relais, nous l\u2019avons remis sur pied et il \u00e9tait<br \/>\ncent pour cent apte \u00e0 s\u2019entra\u00eener et le joueur lui-m\u00eame disait<br \/>\nqu\u2019il \u00e9tait pr\u00eat \u00e0 jouer. C\u2019\u00e9tait un protocole commotion<br \/>\nmalheureusement classique.\u00a0\u00bb Mignoni devra donc patienter<br \/>\navant de pouvoir relancer l\u2019ancien Bayonnais.<\/p>\n","protected":false},"excerpt":{"rendered":"D\u00e9clar\u00e9 apte dans un premier temps puis inapte ensuite, Charles Ollivon, victime d&rsquo;une commotion avec le XV de&hellip;\n","protected":false},"author":2,"featured_media":580757,"comment_status":"","ping_status":"","sticky":false,"template":"","format":"standard","meta":{"footnotes":""},"categories":[1416],"tags":[1011,27,479,1468,57681,60],"class_list":{"0":"post-580756","1":"post","2":"type-post","3":"status-publish","4":"format-standard","5":"has-post-thumbnail","7":"category-rugby","8":"tag-fr","9":"tag-france","10":"tag-rugby","11":"tag-rugby-football","12":"tag-sport365-fr","13":"tag-sports"},"share_on_mastodon":{"url":"https:\/\/pubeurope.com\/@fr\/115669173864381141","error":""},"_links":{"self":[{"href":"https:\/\/www.europesays.com\/fr\/wp-json\/wp\/v2\/posts\/580756","targetHints":{"allow":["GET"]}}],"collection":[{"href":"https:\/\/www.europesays.com\/fr\/wp-json\/wp\/v2\/posts"}],"about":[{"href":"https:\/\/www.europesays.com\/fr\/wp-json\/wp\/v2\/types\/post"}],"author":[{"embeddable":true,"href":"https:\/\/www.europesays.com\/fr\/wp-json\/wp\/v2\/users\/2"}],"replies":[{"embeddable":true,"href":"https:\/\/www.europesays.com\/fr\/wp-json\/wp\/v2\/comments?post=580756"}],"version-history":[{"count":0,"href":"https:\/\/www.europesays.com\/fr\/wp-json\/wp\/v2\/posts\/580756\/revisions"}],"wp:featuredmedia":[{"embeddable":true,"href":"https:\/\/www.europesays.com\/fr\/wp-json\/wp\/v2\/media\/580757"}],"wp:attachment":[{"href":"https:\/\/www.europesays.com\/fr\/wp-json\/wp\/v2\/media?parent=580756"}],"wp:term":[{"taxonomy":"category","embeddable":true,"href":"https:\/\/www.europesays.com\/fr\/wp-json\/wp\/v2\/categories?post=580756"},{"taxonomy":"post_tag","embeddable":true,"href":"https:\/\/www.europesays.com\/fr\/wp-json\/wp\/v2\/tags?post=580756"}],"curies":[{"name":"wp","href":"https:\/\/api.w.org\/{rel}","templated":true}]}}