{"id":58076,"date":"2025-04-28T01:06:11","date_gmt":"2025-04-28T01:06:11","guid":{"rendered":"https:\/\/www.europesays.com\/fr\/58076\/"},"modified":"2025-04-28T01:06:11","modified_gmt":"2025-04-28T01:06:11","slug":"les-bons-plans-max-radio-du-28-04-au-04-05","status":"publish","type":"post","link":"https:\/\/www.europesays.com\/fr\/58076\/","title":{"rendered":"Les Bons Plans Max Radio du 28\/04 au 04\/05"},"content":{"rendered":"<p>Chaque semaine, retrouvez les meilleurs bons plans de Grenoble et Chamb\u00e9ry ! <br \/>Que vous soyez \u00e0 la recherche d&rsquo;activit\u00e9s, de sorties, d&rsquo;\u00e9v\u00e9nements ou de bonnes adresses, nous vous partageons tout ce qu&rsquo;il ne faut pas manquer.<\/p>\n<p>Les Bons Plans \u00e0 Grenoble :<\/p>\n<p> <b>Rendez-vous :  jusqu&rsquo;au 4 mai, \u00e0 10h30, \u00e0 l&rsquo;Atrium.<\/b><\/p>\n<p>Le Festival Jeune Public Etincelles revient du 27 avril au 6 mai au Fontanil-Cornillon pour sa 3\u00e8me \u00e9dition. Th\u00e9\u00e2tre, chansons, musique, marionnettes, contes&#8230; tous les arts seront repr\u00e9sent\u00e9s durant 10 jours de festival avec et pour le jeune public.<\/p>\n<p>Repr\u00e9sentations, animations, ateliers m\u00ealant th\u00e9\u00e2tre, marionnettes, musique, dessin et plus encore\u2026 La troisi\u00e8me \u00e9dition de ce festival unique d\u00e9di\u00e9 \u00e0 la jeunesse s&rsquo;annonce plus enchanteur que jamais. Un programme con\u00e7u avec soin pour \u00e9veiller, \u00e9merveiller, enthousiasmer et sensibiliser petits et grands \u00e0 l&rsquo;univers du spectacle vivant. Rendez-vous \u00e0 l&rsquo;ATRIUM et ailleurs !<\/p>\n<p><a class=\"url\" href=\"https:\/\/www.grenoble-tourisme.com\/fr\/decouvrir\/evenements\/agenda\/detail\/festival-jeune-public-etincelles-7325380\/\" target=\"_blank\" rel=\"nofollow noopener\">En savoir plus.<\/a><\/p>\n<tr>\n<td class=\"defaut\"><img loading=\"lazy\" decoding=\"async\" src=\"https:\/\/www.europesays.com\/fr\/wp-content\/uploads\/2025\/04\/1745802368_884_img\" width=\"254\" height=\"360\" border=\"0\" title=\"dhguzy\"\/><\/td>\n<\/tr>\n<p> <b>Rendez-vous : du 30 avril au 4 mai, \u00e0 la Com\u00e9die de Grenoble.<\/b><\/p>\n<p>Guillaume Sylvie et K\u00e9vin on part enfin&#8230; \u00c0 eux les vacances !<\/p>\n<p>Mais c&rsquo;\u00e9tait sans compter les embouteillages, les toiles de tente impossible \u00e0 monter, les moustiques et les randonn\u00e9es o\u00f9 on se perd&#8230; Sans compter que chacun a son propre programme.<br \/>De quoi mettre une famille \u00e0 l&rsquo;\u00e9preuve non ?<br \/>Mais au final ne dit-on pas que les meilleurs souvenirs de vacances sont les pires moments pass\u00e9s.<br \/>Ah les vacances c&rsquo;est super ! Mais quand on part en famille c&rsquo;est tout une autre histoire&#8230; Retrouvez l&rsquo;\u00e9quipe d'\u00a0\u00bbAdos.com\u00a0\u00bb dans cette com\u00e9die familiale d\u00e9jant\u00e9e.<\/p>\n<p><a class=\"url\" href=\"https:\/\/www.grenoble-tourisme.com\/fr\/decouvrir\/evenements\/agenda\/detail\/vive-les-vacances-en-famille-5803800\/\" target=\"_blank\" rel=\"nofollow noopener\">En savoir plus.<\/a><\/p>\n<tr>\n<td class=\"defaut\"><img loading=\"lazy\" decoding=\"async\" src=\"https:\/\/www.europesays.com\/fr\/wp-content\/uploads\/2025\/04\/1745802368_603_img\" width=\"180\" height=\"267\" border=\"0\" title=\"dhdhy\"\/><\/td>\n<\/tr>\n<p> <b>Rendez-vous : du 1er au 4 mai, \u00e0 partir de 19h, \u00e0 la Basse Cour.<\/b><\/p>\n<p>Un jour, \u00eatre f\u00e9ministe ce sera la norme. En attendant, on fait des spectacles.<\/p>\n<p>En parall\u00e8le de son duo Camille &amp; Justine, qui cartonne sur les r\u00e9seaux sociaux, Camille se lance en solo, dans un one woman show qui compte bien vous donner envie de d\u00e9gommer le patriarcat, entre deux \u00e9clats de rire.<br \/>&#8212;&#8212;&#8212;&#8212;&#8211;<br \/>BAR sur place ouvert au public, \u00e0 partir de 19h (service boissons et planches ap\u00e9ros, sans r\u00e9servation)<\/p>\n<p><a class=\"url\" href=\"https:\/\/www.grenoble-tourisme.com\/fr\/decouvrir\/evenements\/agenda\/detail\/camille-giry-dans-moyenne-7311258\/\" target=\"_blank\" rel=\"nofollow noopener\">Je prends ma place !<\/a><\/p>\n<tr>\n<td class=\"defaut\"><a href=\"https:\/\/www.radioscoop.com\/agenda\/javascript:void(0)\" onclick=\"parent.RS.diaporama.addMedia(689819) ;\" rel=\"nofollow noopener\" target=\"_blank\"><img loading=\"lazy\" decoding=\"async\" src=\"https:\/\/www.europesays.com\/fr\/wp-content\/uploads\/2025\/04\/1745802369_534_img\" width=\"430\" height=\"640\" border=\"0\" title=\"gfbsgr\"\/><\/a><\/td>\n<\/tr>\n<p> <b>Rendez-vous : le 3 mai, \u00e0 partir de 19h, \u00e0 Alpexpo.<\/b><\/p>\n<p>Le Festival Illusion fait son grand retour \u00e0 Grenoble pour une troisi\u00e8me \u00e9dition encore plus intense. Une nuit o\u00f9 des artistes d&rsquo;exception enflammeront la ville avec des sets puissants, accompagn\u00e9s d&rsquo;une sc\u00e9nographie \u00e0 360\u00b0 immersive.<\/p>\n<p>Un mage aux intentions obscures \u00e9tend son influence sur la ville. Ma\u00eetre d&rsquo;un chaos soigneusement orchestr\u00e9, il manipule la r\u00e9alit\u00e9 \u00e0 travers sa boule de cristal. Il ne se contente pas d&rsquo;observer : il fa\u00e7onne, d\u00e9forme et recr\u00e9e chaque vision. Chaque battement de musique, chaque \u00e9clat de lumi\u00e8re est un reflet de son pouvoir, une illusion qu&rsquo;il contr\u00f4le en secret.<br \/>Dans ce monde parall\u00e8le, c&rsquo;est l&rsquo;illusion qui dicte la r\u00e9alit\u00e9. Pr\u00e9parez-vous \u00e0 perdre vos rep\u00e8res et \u00e0 \u00eatre immerg\u00e9s dans un univers o\u00f9 les fronti\u00e8res entre le r\u00e9el et le fictif s&rsquo;effondrent.<br \/>Le Festival Illusion revient \u00e0 Grenoble pour une troisi\u00e8me \u00e9dition encore plus intense, o\u00f9 une nuit de musique \u00e9lectro explosive fusionnera avec une sc\u00e9nographie \u00e0 360\u00b0 immersive. Des artistes d&rsquo;exception prendront les commandes de la sc\u00e8ne pour vous faire vibrer au rythme de sets puissants, amplifi\u00e9s par des installations visuelles \u00e0 couper le souffle.<\/p>\n<p>PROGRAMMATION :<br \/>HOLY PRIEST<br \/>PERCEVAL<br \/>SK\u00d6NE<br \/>GONZI<br \/>LE BASK vs EL DESPERADO<br \/>ACIDPACH<br \/>KODAMAN vs RABTEU<br \/>+ Guest<\/p>\n<p>NOUVEAUT\u00c9S 2025 :<br \/>Sc\u00e8ne 360\u00b0<br \/>Nouveau lieu \u00e0 Grenoble<br \/>Programmation Trance, Techno et Hard<\/p>\n<p><a class=\"url\" href=\"https:\/\/www.grenoble-tourisme.com\/fr\/decouvrir\/evenements\/agenda\/detail\/illusion-360deg-edition-7270412\/\" target=\"_blank\" rel=\"nofollow noopener\">Je prends ma place !<\/a><\/p>\n<tr>\n<td class=\"defaut\"><img loading=\"lazy\" decoding=\"async\" src=\"https:\/\/www.europesays.com\/fr\/wp-content\/uploads\/2025\/04\/1745802370_661_img\" width=\"439\" height=\"621\" border=\"0\" title=\"xkjgie\"\/><\/td>\n<\/tr>\n<p><p>Les Bons Plans \u00e0 Chamb\u00e9ry :<\/p>\n<p><\/p>\n<p> <b>Rendez-vous : le 29 avril, de 20h30 \u00e0 23h, \u00e0 la Patinoire de Chamb\u00e9ry.<\/b><\/p>\n<p>Phase qualificative des Championnats d&rsquo;Europe d&rsquo;Ultimate Flying Disc<\/p>\n<p>24 \u00e9quipes dont 8 f\u00e9minines, viennent de toute l&rsquo;Europe, pour jouer des matchs de la phase qualificative pour les championnats d&rsquo;Europe.<br \/>Les meilleures \u00e9quipes europ\u00e9eennes, dont les championnes d&rsquo;Europe en titre, viennent en d\u00e9coudre sur des matchs de 70 minutes.<br \/>L&rsquo;ultimate Flying Disc est un sport autoarbitr\u00e9, sans contact, o\u00f9 l&rsquo;objectif est d&rsquo;attraper le disque dans la zone d&rsquo;en-but sans perdre la possession.<\/p>\n<p><a class=\"url\" href=\"https:\/\/www.chambery.fr\/agenda\/34005\/153-soiree-mousse-avec-dj-andersen.htm?periode=255297\/\" target=\"_blank\" rel=\"nofollow noopener\">Je prends ma place !<\/a><\/p>\n<tr>\n<td class=\"defaut\"><img loading=\"lazy\" decoding=\"async\" src=\"https:\/\/www.europesays.com\/fr\/wp-content\/uploads\/2025\/04\/1745802370_318_img\" width=\"635\" height=\"508\" border=\"0\" title=\"jhvhj\"\/><\/td>\n<\/tr>\n<p> <b>Rendez-vous : le 30 avril, de 16h \u00e0 20h, sur la Place de Gen\u00e8ve, \u00e0 Chamb\u00e9ry.<\/b><\/p>\n<p>Un nouveau march\u00e9, bio et local, s&rsquo;installe place de Gen\u00e8ve tous les mercredis, d\u00e8s le 30 avril. Il dynamisera le centre-ville en soir\u00e9e et compl\u00e9tera l&rsquo;offre des march\u00e9s chamb\u00e9riens.<br \/>Organis\u00e9 tous les mercredis en fin d&rsquo;apr\u00e8s-midi :<br \/>de 16h \u00e0 20h l&rsquo;\u00e9t\u00e9 ;<br \/>de 15h \u00e0 19h l&rsquo;hiver.<br \/>Ce march\u00e9 vise \u00e0 s&rsquo;inscrire dans les habitudes des familles, des actifs en sortie de travail et des habitants de passage. Ce moment de la semaine, sans \u00e9cole, est propice \u00e0 une sortie partag\u00e9e, \u00e0 la d\u00e9couverte de produits frais dans une ambiance d\u00e9tendue.<br \/>Le march\u00e9 du soir mettra en valeur des produits issus de l&rsquo;agriculture biologique et de circuits courts (30 km maximum autour de Chamb\u00e9ry). Une attention particuli\u00e8re sera port\u00e9e \u00e0 l&rsquo;origine des produits et \u00e0 la mise en avant des producteurs et artisans du territoire.<\/p>\n<p><a class=\"url\" href=\"https:\/\/www.chambery.fr\/agenda\/34111\/153-stage-magie-8-11-ans.htm?periode=254895\/\" target=\"_blank\" rel=\"nofollow noopener\">Je prends ma place !<\/a><\/p>\n<tr>\n<td class=\"defaut\"><a href=\"https:\/\/www.radioscoop.com\/agenda\/javascript:void(0)\" onclick=\"parent.RS.diaporama.addMedia(689822) ;\" rel=\"nofollow noopener\" target=\"_blank\"><img loading=\"lazy\" decoding=\"async\" src=\"https:\/\/www.europesays.com\/fr\/wp-content\/uploads\/2025\/04\/1745802371_122_img\" width=\"640\" height=\"423\" border=\"0\" title=\"jbvjdbk\"\/><\/a><\/td>\n<\/tr>\n<p> <b>Rendez-vous : du 1er mai, de 9h \u00e0 17h, au 340 Rue Costa de Beauregard, Chamb\u00e9ry.<\/b><\/p>\n<p>Une journ\u00e9e \u00e0 la campagne au c\u0153ur de Chamb\u00e9ry ! Venez faire la f\u00eate avec nous, en famille, entre amis, avec petits et grands&#8230;<br \/>March\u00e9 producteurs, cr\u00e9ateurs, ch\u00e2teau gonflable, kart \u00e0 p\u00e9dale, plantation, maquillage&#8230; Buvette et restauration sur place (diots, cr\u00eapes, barbe \u00e0 papa&#8230;)<\/p>\n<p><a class=\"url\" href=\"https:\/\/www.chambery.fr\/agenda\/34031\/153-fete-du-1er-mai.htm?periode=255301\/\" target=\"_blank\" rel=\"nofollow noopener\">Je prends ma place !<\/a><\/p>\n<tr>\n<td class=\"defaut\"><a href=\"https:\/\/www.radioscoop.com\/agenda\/javascript:void(0)\" onclick=\"parent.RS.diaporama.addMedia(689823) ;\" rel=\"nofollow noopener\" target=\"_blank\"><img loading=\"lazy\" decoding=\"async\" src=\"https:\/\/www.europesays.com\/fr\/wp-content\/uploads\/2025\/04\/1745802371_875_img\" width=\"640\" height=\"427\" border=\"0\" title=\"bjhkvh\"\/><\/a><\/td>\n<\/tr>\n<p> <b>Rendez-vous : les jeudis \u00e0 la patinoire du Buisson Rond.<\/b><\/p>\n<p>Tous les mardis et jeudis soirs, la patinoire de Chamb\u00e9ry organise des soir\u00e9es musicales sur des rythmes actuels. Venez patiner, glisser et danser entre amis !<\/p>\n<p><a class=\"url\" href=\"https:\/\/www.savoie-mont-blanc.com\/fiches\/soiree-light-show-a-la-patinoire-6747905\/\" target=\"_blank\" rel=\"nofollow noopener\">Je prends ma place !<\/a><\/p>\n<tr>\n<td class=\"defaut\"><a href=\"https:\/\/www.radioscoop.com\/agenda\/javascript:void(0)\" onclick=\"parent.RS.diaporama.addMedia(662135) ;\" rel=\"nofollow noopener\" target=\"_blank\"><img loading=\"lazy\" decoding=\"async\" src=\"https:\/\/www.europesays.com\/fr\/wp-content\/uploads\/2025\/04\/1745802371_316_img\" width=\"640\" height=\"427\" border=\"0\" title=\"light show\"\/><\/a><\/td>\n<\/tr>\n<p><\/p>\n","protected":false},"excerpt":{"rendered":"Chaque semaine, retrouvez les meilleurs bons plans de Grenoble et Chamb\u00e9ry ! Que vous soyez \u00e0 la recherche&hellip;\n","protected":false},"author":2,"featured_media":58077,"comment_status":"","ping_status":"","sticky":false,"template":"","format":"standard","meta":{"footnotes":""},"categories":[9566],"tags":[1111,11,2430,677,12362,1777,674,1011,27,2731,12,7518,25],"class_list":{"0":"post-58076","1":"post","2":"type-post","3":"status-publish","4":"format-standard","5":"has-post-thumbnail","7":"category-grenoble","8":"tag-actu","9":"tag-actualites","10":"tag-auvergne-rhone-alpes","11":"tag-bons-plans","12":"tag-chambry","13":"tag-eu","14":"tag-europe","15":"tag-fr","16":"tag-france","17":"tag-grenoble","18":"tag-news","19":"tag-octobre","20":"tag-republique-francaise"},"share_on_mastodon":{"url":"https:\/\/pubeurope.com\/@fr\/114412911695474528","error":""},"_links":{"self":[{"href":"https:\/\/www.europesays.com\/fr\/wp-json\/wp\/v2\/posts\/58076","targetHints":{"allow":["GET"]}}],"collection":[{"href":"https:\/\/www.europesays.com\/fr\/wp-json\/wp\/v2\/posts"}],"about":[{"href":"https:\/\/www.europesays.com\/fr\/wp-json\/wp\/v2\/types\/post"}],"author":[{"embeddable":true,"href":"https:\/\/www.europesays.com\/fr\/wp-json\/wp\/v2\/users\/2"}],"replies":[{"embeddable":true,"href":"https:\/\/www.europesays.com\/fr\/wp-json\/wp\/v2\/comments?post=58076"}],"version-history":[{"count":0,"href":"https:\/\/www.europesays.com\/fr\/wp-json\/wp\/v2\/posts\/58076\/revisions"}],"wp:featuredmedia":[{"embeddable":true,"href":"https:\/\/www.europesays.com\/fr\/wp-json\/wp\/v2\/media\/58077"}],"wp:attachment":[{"href":"https:\/\/www.europesays.com\/fr\/wp-json\/wp\/v2\/media?parent=58076"}],"wp:term":[{"taxonomy":"category","embeddable":true,"href":"https:\/\/www.europesays.com\/fr\/wp-json\/wp\/v2\/categories?post=58076"},{"taxonomy":"post_tag","embeddable":true,"href":"https:\/\/www.europesays.com\/fr\/wp-json\/wp\/v2\/tags?post=58076"}],"curies":[{"name":"wp","href":"https:\/\/api.w.org\/{rel}","templated":true}]}}