{"id":580764,"date":"2025-12-05T21:57:11","date_gmt":"2025-12-05T21:57:11","guid":{"rendered":"https:\/\/www.europesays.com\/fr\/580764\/"},"modified":"2025-12-05T21:57:11","modified_gmt":"2025-12-05T21:57:11","slug":"david-douillet-les-femmes-ses-mots-sans-filtre-sur-un-pays-quil-affectionne","status":"publish","type":"post","link":"https:\/\/www.europesays.com\/fr\/580764\/","title":{"rendered":"David Douillet : \u00ab\u00a0Les femmes&#8230;\u00a0\u00bb, ses mots sans filtre sur un pays qu&rsquo;il affectionne"},"content":{"rendered":"<p><strong>Dans les ann\u00e9es 90, David Douillet a \u00e9t\u00e9 l\u2019une des<br \/>\nfigures du judo fran\u00e7ais.<\/strong> Multiple champion olympique, il<br \/>\na impos\u00e9 son physique de poids lourd et son mental de grand<br \/>\nsportif. Tr\u00e8s jeune, il a rencontr\u00e9 le succ\u00e8s et a vu sa notori\u00e9t\u00e9<br \/>\ngrimper. Apr\u00e8s sa retraite sportive, il a bascul\u00e9 dans la<br \/>\npolitique. En 2009, il avait \u00e9t\u00e9 \u00e9lu d\u00e9put\u00e9 dans la 12e<br \/>\ncirconscription des Yvelines. En 2011, il avait \u00e9t\u00e9 nomm\u00e9 ministre<br \/>\ndes Sports.<\/p>\n<p>En 2021, il a annonc\u00e9 son retrait de la vie publique. Dans une<br \/>\ninterview \u00e0 L\u2019\u00c9quipe, il avait reparl\u00e9 du Japon, pays<br \/>\ncentral dans sa carri\u00e8re. Et avait livr\u00e9 une vision personnelle,<br \/>\nparfois pol\u00e9mique. <strong>\u201cCe que j\u2019aime ? Le d\u00e9paysement<br \/>\ntotal. L\u00e0-bas, les jeunes filles se mettent la main devant la<br \/>\nbouche pour rire, les femmes marchent derri\u00e8re leurs mecs dans la<br \/>\nrue [&#8230;]\u201d<\/strong> Des propos qui ont r\u00e9activ\u00e9 les critiques,<br \/>\nd\u00e9j\u00e0 anciennes depuis sa mention d\u2019une <strong>\u201cmisogynie<br \/>\nrationnelle\u201d<\/strong> dans son autobiographie L\u2019\u00e2me du<br \/>\nconqu\u00e9rant.<\/p>\n<p>Un champion qui s\u2019est r\u00e9invent\u00e9<\/p>\n<p>Aujourd\u2019hui, l\u2019ancien judoka a chang\u00e9 de voie. Il s\u2019est lanc\u00e9<br \/>\ndans l\u2019immobilier avec Harvey, une structure qu\u2019il a cofond\u00e9e. Son<br \/>\nid\u00e9e : cr\u00e9er des logements destin\u00e9s aux jeunes engag\u00e9s dans un<br \/>\ndouble projet, sportif ou artistique. Une mission sociale qui lui<br \/>\ntient visiblement \u00e0 c\u0153ur. \u00ab\u00a0On va aider nos gamins [&#8230;] Ils<br \/>\nauront la priorit\u00e9 sur nos projets\u00a0\u00bb, a-t-il expliqu\u00e9 <a href=\"https:\/\/www.closermag.fr\/people\/pas-credible-david-douillet-sexile-loin-des-tatamis-et-sa-mission-est-salutaire-3568008\" target=\"_blank\" rel=\"noopener\"><br \/>\ndans le podcast Legend en juillet dernier.<\/a><\/p>\n<p><a href=\"https:\/\/www.closermag.fr\/people\/pas-credible-david-douillet-sexile-loin-des-tatamis-et-sa-mission-est-salutaire-3568008\" target=\"_blank\" rel=\"noopener\"><br \/>\nPour David Douillet, cette initiative r\u00e9sume son parcours.<\/a> Il a<br \/>\nrappel\u00e9 que, pour beaucoup de jeunes, se loger reste un combat.<br \/>\n\u201c<strong>Les jeunes sont toujours aussi mal lotis. [\u2026]<br \/>\nEn particulier, les jeunes qui ont un double projet\u201d<br \/>\n,<\/strong> a-t-il regrett\u00e9. Son exp\u00e9rience d\u2019athl\u00e8te l\u2019a pouss\u00e9 \u00e0<br \/>\nagir.<\/p>\n<p>Un nouveau r\u00f4le \u00e0 assumer<\/p>\n<p><a href=\"https:\/\/www.closermag.fr\/people\/pas-credible-david-douillet-sexile-loin-des-tatamis-et-sa-mission-est-salutaire-3568008\" target=\"_blank\" rel=\"noopener\"><br \/>\nAvec Harvey, il veut proposer plus qu\u2019un toit.<\/a> Il veut<br \/>\naccompagner ceux qui vivent la m\u00eame r\u00e9alit\u00e9 que lui \u00e0 ses d\u00e9buts.<br \/>\nDans le podcast, il a racont\u00e9 les difficult\u00e9s rencontr\u00e9es par les<br \/>\njeunes sportifs ou artistes pour \u00eatre consid\u00e9r\u00e9s comme fiables.<br \/>\n\u201cTu n\u2019es pas cr\u00e9dible, pas comme tout le monde. [\u2026] Tu ne<br \/>\ncorresponds \u00e0 rien. C\u2019est l\u2019enfer alors que c\u2019est la base de la vie<br \/>\n!\u201d, a-t-il soulign\u00e9.<\/p>\n<p>Malgr\u00e9 ses id\u00e9es tr\u00e8s maladroites sur le Japon, David Douillet<br \/>\navance aujourd\u2019hui avec un projet tourn\u00e9 vers les autres.<\/p>\n","protected":false},"excerpt":{"rendered":"Dans les ann\u00e9es 90, David Douillet a \u00e9t\u00e9 l\u2019une des figures du judo fran\u00e7ais. Multiple champion olympique, il&hellip;\n","protected":false},"author":2,"featured_media":580765,"comment_status":"","ping_status":"","sticky":false,"template":"","format":"standard","meta":{"footnotes":""},"categories":[1359],"tags":[21303,3454,58,59,1011,27,973],"class_list":{"0":"post-580764","1":"post","2":"type-post","3":"status-publish","4":"format-standard","5":"has-post-thumbnail","7":"category-people","8":"tag-buzz_nonli","9":"tag-david-douillet","10":"tag-divertissement","11":"tag-entertainment","12":"tag-fr","13":"tag-france","14":"tag-people"},"share_on_mastodon":{"url":"https:\/\/pubeurope.com\/@fr\/115669201653536886","error":""},"_links":{"self":[{"href":"https:\/\/www.europesays.com\/fr\/wp-json\/wp\/v2\/posts\/580764","targetHints":{"allow":["GET"]}}],"collection":[{"href":"https:\/\/www.europesays.com\/fr\/wp-json\/wp\/v2\/posts"}],"about":[{"href":"https:\/\/www.europesays.com\/fr\/wp-json\/wp\/v2\/types\/post"}],"author":[{"embeddable":true,"href":"https:\/\/www.europesays.com\/fr\/wp-json\/wp\/v2\/users\/2"}],"replies":[{"embeddable":true,"href":"https:\/\/www.europesays.com\/fr\/wp-json\/wp\/v2\/comments?post=580764"}],"version-history":[{"count":0,"href":"https:\/\/www.europesays.com\/fr\/wp-json\/wp\/v2\/posts\/580764\/revisions"}],"wp:featuredmedia":[{"embeddable":true,"href":"https:\/\/www.europesays.com\/fr\/wp-json\/wp\/v2\/media\/580765"}],"wp:attachment":[{"href":"https:\/\/www.europesays.com\/fr\/wp-json\/wp\/v2\/media?parent=580764"}],"wp:term":[{"taxonomy":"category","embeddable":true,"href":"https:\/\/www.europesays.com\/fr\/wp-json\/wp\/v2\/categories?post=580764"},{"taxonomy":"post_tag","embeddable":true,"href":"https:\/\/www.europesays.com\/fr\/wp-json\/wp\/v2\/tags?post=580764"}],"curies":[{"name":"wp","href":"https:\/\/api.w.org\/{rel}","templated":true}]}}