{"id":580766,"date":"2025-12-05T21:58:12","date_gmt":"2025-12-05T21:58:12","guid":{"rendered":"https:\/\/www.europesays.com\/fr\/580766\/"},"modified":"2025-12-05T21:58:12","modified_gmt":"2025-12-05T21:58:12","slug":"il-a-imagine-le-guggenheim-de-bilbao-le-grand-architecte-frank-gehry-est-mort-a-96-ans","status":"publish","type":"post","link":"https:\/\/www.europesays.com\/fr\/580766\/","title":{"rendered":"Il a imagin\u00e9 le Guggenheim de Bilbao, le grand architecte Frank Gehry est mort \u00e0 96 ans"},"content":{"rendered":"<p>L\u2019architecte am\u00e9ricano-canadien <a href=\"https:\/\/www.20minutes.fr\/paris\/112162-20061002-franck-gehry-architecte-genie\" target=\"_blank\" class=\"c-link c-link--is-underlined\" rel=\"noopener\">Frank Gehry<\/a>, disparu vendredi \u00e0 96 ans, laisse une empreinte unique sur l\u2019architecture mondiale, dont il a boulevers\u00e9 les codes en m\u00ealant formes libres, mat\u00e9riaux d\u00e9tourn\u00e9s et innovations num\u00e9riques. De <a href=\"https:\/\/www.20minutes.fr\/dossier\/bilbao\" target=\"_blank\" class=\"c-link c-link--is-underlined\" rel=\"noopener\">Bilbao<\/a> \u00e0 <a href=\"https:\/\/www.20minutes.fr\/dossier\/los_angeles\" target=\"_blank\" class=\"c-link c-link--is-underlined\" rel=\"noopener\">Los Angeles<\/a>, il a profond\u00e9ment remodel\u00e9 le paysage urbain et culturel de plusieurs m\u00e9tropoles.<\/p>\n<p>N\u00e9 \u00e0 Toronto en\u00a01929 dans une famille juive ayant \u00e9migr\u00e9 aux <a href=\"https:\/\/www.20minutes.fr\/monde\/etats-unis\/\" target=\"_blank\" class=\"c-link c-link--is-underlined\" rel=\"noopener\">Etats-Unis<\/a> \u00e0 la fin des ann\u00e9es\u00a01940, Gehry se forme \u00e0 Los Angeles o\u00f9 il \u00e9tudie l\u2019architecture avant de changer de nom pour se pr\u00e9munir de l\u2019antis\u00e9mitisme. Apr\u00e8s un passage dans l\u2019arm\u00e9e am\u00e9ricaine et un cycle d\u2019<a href=\"https:\/\/www.20minutes.fr\/dossier\/urbanisme\" target=\"_blank\" class=\"c-link c-link--is-underlined\" rel=\"noopener\">urbanisme<\/a> \u00e0 Harvard, il travaille chez Victor Gruen puis \u00e0 Paris, chez Andr\u00e9 Remondet, avant d\u2019ouvrir son propre cabinet au d\u00e9but des ann\u00e9es\u00a01960.<\/p>\n<p>Des projets toujours plus complexes<\/p>\n<p>A partir des ann\u00e9es\u00a01970, Frank Gehry s\u2019impose comme l\u2019une des voix les plus singuli\u00e8res de la sc\u00e8ne californienne. Il adopte des mat\u00e9riaux du quotidien, explore les premi\u00e8res techniques de mod\u00e9lisation num\u00e9rique et con\u00e7oit sa maison de Santa Monica, manifeste fondateur d\u2019une approche qui d\u00e9tourne cl\u00f4tures, bardages et structures pour en faire des \u00e9l\u00e9ments expressifs. Cette recherche formelle le conduit vers des projets toujours plus complexes, rendus possibles par la simulation informatique.<\/p>\n<\/p>\n<p>Sa reconnaissance internationale se cristallise en\u00a01989 avec le prix Pritzker, puis en\u00a01997 avec l\u2019inauguration du mus\u00e9e Guggenheim de Bilbao. Ses courbes en titane, inspir\u00e9es des mouvements d\u2019un poisson, transforment la ville espagnole en destination culturelle mondiale. L\u2019architecte Philip Johnson qualifiera l\u2019\u00e9difice de \u00ab\u00a0plus important \u00e9difice de notre temps\u00a0\u00bb, une appr\u00e9ciation qui contribuera \u00e0 faire \u00e9merger la notion d\u2019\u00ab\u00a0effet Bilbao\u00a0\u00bb.<\/p>\n<p>Disney, Facebook et plein d\u2019autres b\u00e2timents<\/p>\n<p>Port\u00e9 par cette visibilit\u00e9, Frank Gehry a multipli\u00e9 les r\u00e9alisations majeures\u00a0: le <a href=\"https:\/\/www.20minutes.fr\/dossier\/walt_disney\" target=\"_blank\" class=\"c-link c-link--is-underlined\" rel=\"noopener\">Walt Disney<\/a> Concert Hall \u00e0 Los Angeles, le 8 Spruce Street \u00e0 <a href=\"https:\/\/www.20minutes.fr\/dossier\/new_york\" target=\"_blank\" class=\"c-link c-link--is-underlined\" rel=\"noopener\">New York<\/a>, la Fondation Louis Vuitton \u00e0 Paris ou encore les bureaux de Facebook dans la <a href=\"https:\/\/www.20minutes.fr\/dossier\/silicon_valley\" target=\"_blank\" class=\"c-link c-link--is-underlined\" rel=\"noopener\">Silicon Valley<\/a>. Sa d\u00e9marche atteint une forme d\u2019extr\u00eame avec la clinique Lou Ruvo de Cleveland, o\u00f9 fa\u00e7ades et ouvertures donnent l\u2019impression de se d\u00e9former en cascade, un geste volontairement d\u00e9stabilisant pour un lieu d\u00e9di\u00e9 aux maladies neurod\u00e9g\u00e9n\u00e9ratives.<\/p>\n<p><a href=\"https:\/\/www.20minutes.fr\/dossier\/architecture\" target=\"_blank\" class=\"c-link c-btn c-btn--primary\" rel=\"noopener\">Notre dossier sur l&rsquo;architecture<\/a><\/p>\n<p>Jusqu\u2019\u00e0 la fin, Frank Gehry aura repouss\u00e9 les limites techniques et conceptuelles de son \u00e9poque. Son \u0153uvre, souvent d\u00e9crite comme un brouillage assum\u00e9 entre architecture et art, demeure l\u2019un des marqueurs les plus visibles de l\u2019\u00e9volution de l\u2019architecture contemporaine.<\/p>\n","protected":false},"excerpt":{"rendered":"L\u2019architecte am\u00e9ricano-canadien Frank Gehry, disparu vendredi \u00e0 96 ans, laisse une empreinte unique sur l\u2019architecture mondiale, dont il&hellip;\n","protected":false},"author":2,"featured_media":580767,"comment_status":"","ping_status":"","sticky":false,"template":"","format":"standard","meta":{"footnotes":""},"categories":[1358],"tags":[47,1350,1348,1384,1385,3983,1386,58,59,73,1011,27,104,1352],"class_list":{"0":"post-580766","1":"post","2":"type-post","3":"status-publish","4":"format-standard","5":"has-post-thumbnail","7":"category-arts-et-design","8":"tag-actualite","9":"tag-architecture","10":"tag-arts","11":"tag-arts-and-design","12":"tag-arts-et-design","13":"tag-deces","14":"tag-design","15":"tag-divertissement","16":"tag-entertainment","17":"tag-etats-unis","18":"tag-fr","19":"tag-france","20":"tag-societe","21":"tag-urbanisme"},"share_on_mastodon":{"url":"https:\/\/pubeurope.com\/@fr\/115669205189233576","error":""},"_links":{"self":[{"href":"https:\/\/www.europesays.com\/fr\/wp-json\/wp\/v2\/posts\/580766","targetHints":{"allow":["GET"]}}],"collection":[{"href":"https:\/\/www.europesays.com\/fr\/wp-json\/wp\/v2\/posts"}],"about":[{"href":"https:\/\/www.europesays.com\/fr\/wp-json\/wp\/v2\/types\/post"}],"author":[{"embeddable":true,"href":"https:\/\/www.europesays.com\/fr\/wp-json\/wp\/v2\/users\/2"}],"replies":[{"embeddable":true,"href":"https:\/\/www.europesays.com\/fr\/wp-json\/wp\/v2\/comments?post=580766"}],"version-history":[{"count":0,"href":"https:\/\/www.europesays.com\/fr\/wp-json\/wp\/v2\/posts\/580766\/revisions"}],"wp:featuredmedia":[{"embeddable":true,"href":"https:\/\/www.europesays.com\/fr\/wp-json\/wp\/v2\/media\/580767"}],"wp:attachment":[{"href":"https:\/\/www.europesays.com\/fr\/wp-json\/wp\/v2\/media?parent=580766"}],"wp:term":[{"taxonomy":"category","embeddable":true,"href":"https:\/\/www.europesays.com\/fr\/wp-json\/wp\/v2\/categories?post=580766"},{"taxonomy":"post_tag","embeddable":true,"href":"https:\/\/www.europesays.com\/fr\/wp-json\/wp\/v2\/tags?post=580766"}],"curies":[{"name":"wp","href":"https:\/\/api.w.org\/{rel}","templated":true}]}}