{"id":580768,"date":"2025-12-05T22:00:18","date_gmt":"2025-12-05T22:00:18","guid":{"rendered":"https:\/\/www.europesays.com\/fr\/580768\/"},"modified":"2025-12-05T22:00:18","modified_gmt":"2025-12-05T22:00:18","slug":"en-direct-star-academy-tout-comme-ambre-sarah-decroche-elle-aussi-son-ticket-pour-la-tournee","status":"publish","type":"post","link":"https:\/\/www.europesays.com\/fr\/580768\/","title":{"rendered":"EN DIRECT &#8211; \u00ab\u00a0Star Academy\u00a0\u00bb : tout comme Ambre, Sarah d\u00e9croche elle aussi son ticket pour la tourn\u00e9e"},"content":{"rendered":"<p>C&rsquo;est une Battle du top 3 tr\u00e8s sp\u00e9ciale : l&rsquo;\u00e9l\u00e8ve qui d\u00e9crochera l&rsquo;immunit\u00e9 ce soir sera d\u00e9j\u00e0 qualifi\u00e9 pour la tourn\u00e9e. L\u00e9a, Ambre et Victor vont se d\u00e9partager sur le titre \u00ab\u00a0Derri\u00e8re l&rsquo;amour\u00a0\u00bb de Johnny Hallyday. Difficile de faire un choix tant le niveau est \u00e9lev\u00e9. Papi, le prof de th\u00e9\u00e2tre accorde sa voix \u00e0 L\u00e9a, Marl\u00e8ne Schaff choisi Victor, Michael Goldman vote pour Ambre, Sofia Morgavi jete son d\u00e9volu elle aussi sur Ambre, tout comme Jonathan Jenvrin. Ambre d\u00e9croche donc sa place pour la tourn\u00e9e 2025 ! \u00ab\u00a0Je suis hyper contente, je suis soulag\u00e9e, je crois que je ne me suis jamais autant mis la pression sur une battle du Top 3\u00a0\u00bb, a r\u00e9agi la candidate.<\/p>\n","protected":false},"excerpt":{"rendered":"C&rsquo;est une Battle du top 3 tr\u00e8s sp\u00e9ciale : l&rsquo;\u00e9l\u00e8ve qui d\u00e9crochera l&rsquo;immunit\u00e9 ce soir sera d\u00e9j\u00e0 qualifi\u00e9&hellip;\n","protected":false},"author":2,"featured_media":580769,"comment_status":"","ping_status":"","sticky":false,"template":"","format":"standard","meta":{"footnotes":""},"categories":[1356],"tags":[1111,11,1921,58,59,3109,1011,27,1922,7780,500,2041,5095,59699,252,199,1364,133,2040],"class_list":{"0":"post-580768","1":"post","2":"type-post","3":"status-publish","4":"format-standard","5":"has-post-thumbnail","7":"category-television","8":"tag-actu","9":"tag-actualites","10":"tag-article-video","11":"tag-divertissement","12":"tag-entertainment","13":"tag-florent-pagny","14":"tag-fr","15":"tag-france","16":"tag-info","17":"tag-kendji-girac","18":"tag-medias","19":"tag-medias-et-divertissement","20":"tag-star-academy","21":"tag-star-academy-2025","22":"tag-television","23":"tag-tf1","24":"tag-tv","25":"tag-video","26":"tag-video-culture"},"share_on_mastodon":{"url":"https:\/\/pubeurope.com\/@fr\/115669213149568932","error":""},"_links":{"self":[{"href":"https:\/\/www.europesays.com\/fr\/wp-json\/wp\/v2\/posts\/580768","targetHints":{"allow":["GET"]}}],"collection":[{"href":"https:\/\/www.europesays.com\/fr\/wp-json\/wp\/v2\/posts"}],"about":[{"href":"https:\/\/www.europesays.com\/fr\/wp-json\/wp\/v2\/types\/post"}],"author":[{"embeddable":true,"href":"https:\/\/www.europesays.com\/fr\/wp-json\/wp\/v2\/users\/2"}],"replies":[{"embeddable":true,"href":"https:\/\/www.europesays.com\/fr\/wp-json\/wp\/v2\/comments?post=580768"}],"version-history":[{"count":0,"href":"https:\/\/www.europesays.com\/fr\/wp-json\/wp\/v2\/posts\/580768\/revisions"}],"wp:featuredmedia":[{"embeddable":true,"href":"https:\/\/www.europesays.com\/fr\/wp-json\/wp\/v2\/media\/580769"}],"wp:attachment":[{"href":"https:\/\/www.europesays.com\/fr\/wp-json\/wp\/v2\/media?parent=580768"}],"wp:term":[{"taxonomy":"category","embeddable":true,"href":"https:\/\/www.europesays.com\/fr\/wp-json\/wp\/v2\/categories?post=580768"},{"taxonomy":"post_tag","embeddable":true,"href":"https:\/\/www.europesays.com\/fr\/wp-json\/wp\/v2\/tags?post=580768"}],"curies":[{"name":"wp","href":"https:\/\/api.w.org\/{rel}","templated":true}]}}