{"id":580770,"date":"2025-12-05T22:01:17","date_gmt":"2025-12-05T22:01:17","guid":{"rendered":"https:\/\/www.europesays.com\/fr\/580770\/"},"modified":"2025-12-05T22:01:17","modified_gmt":"2025-12-05T22:01:17","slug":"exclu-ca-ma-traumatise-david-hallyday-revient-sur-ce-titre-quil-regrette-encore-davoir-enregistre-alors-quil-navait-que-15-ans","status":"publish","type":"post","link":"https:\/\/www.europesays.com\/fr\/580770\/","title":{"rendered":"Exclu. \u00ab\u00a0\u00c7a m&rsquo;a traumatis\u00e9\u00a0\u00bb : David Hallyday revient sur ce titre qu&rsquo;il regrette encore d&rsquo;avoir enregistr\u00e9 alors qu&rsquo;il n&rsquo;avait que 15 ans"},"content":{"rendered":"<p>Ce samedi 6 d\u00e9cembre, \u00c9ric Dussart re\u00e7oit David Hallyday dans On refait la t\u00e9l\u00e9 sur RTL \u00e0 11h30. Dans un extrait que T\u00e9l\u00e9-Loisirs vous d\u00e9voile en avant-premi\u00e8re, le chanteur a \u00e9t\u00e9 surpris de voir ressurgir un titre qu&rsquo;il a enregistr\u00e9 \u00e0 l&rsquo;\u00e2ge de 15 ans, au Japon. <\/p>\n<p>David Hallyday est de retour sur le devant de la sc\u00e8ne. Mercredi 3 d\u00e9cembre, l&rsquo;artiste de 59 ans \u00e9tait la t\u00eate d&rsquo;affiche du t\u00e9l\u00e9film Ardennes, r\u00e9alis\u00e9 par <a href=\"https:\/\/www.programme-tv.net\/biographie\/3977-dayan-josee\/\" data-link-people=\"bc225d29-0bca-4ff8-afe2-ea6ef5e482f0\" target=\"_blank\" rel=\"noopener\">Jos\u00e9e Dayan<\/a> et <a href=\"https:\/\/www.programme-tv.net\/news\/series-tv\/393402-ardennes-le-telefilm-inedit-avec-david-hallyday-diffuse-ce-mercredi-3-decembre-2025-sur-france-2-aura-t-il-une-suite\/\" data-api-deeplink=\"teleloisirs:\/\/news\/393402\" target=\"_blank\" rel=\"noopener\">dans lequel il incarne Olivier Rimbaud<\/a>, un psychiatre r\u00e9put\u00e9 qui vient en aide \u00e0 la police dans la traque d&rsquo;un tueur en s\u00e9rie qui s\u00e9vit dans la r\u00e9gion. Le 10 d\u00e9cembre prochain, David Hallyday sera \u00e9galement \u00e0 l&rsquo;affiche du documentaire Hallyday par David sur M6, o\u00f9 il rend hommage \u00e0 <a href=\"https:\/\/www.programme-tv.net\/news\/people\/393538-papa-merci-de-continuer-a-nous-faire-vibrer-laura-smet-partage-un-bouleversant-message-pour-les-huit-ans-de-la-mort-de-johnny-hallyday\/\" data-api-deeplink=\"teleloisirs:\/\/news\/393538\" target=\"_blank\" rel=\"noopener\">son p\u00e8re Johnny, disparu il y a huit ans<\/a>. Avec cette actualit\u00e9 charg\u00e9e, et alors qu&rsquo;il repartira en tourn\u00e9e en 2026 avec son album Requiem pour un fou, le chanteur \u00e9tait l&rsquo;invit\u00e9 d&rsquo;\u00c9ric Dussart dans On refait la t\u00e9l\u00e9 sur RTL. L&rsquo;occasion de d\u00e9couvrir un secret bien gard\u00e9 de sa carri\u00e8re.<\/p>\n<p>Dans On refait la t\u00e9l\u00e9, David Hallyday a \u00e9t\u00e9 surpris d&rsquo;entendre la chanson Come Back to Japan, qu&rsquo;il avait enregistr\u00e9e \u00e0 l&rsquo;\u00e2ge de 15 ans pour le march\u00e9 japonais. \u00ab\u00a0Oh la vache ! Je peux t&rsquo;en raconter des tonnes l\u00e0-dessus. Je ne sais m\u00eame pas o\u00f9 vous avez chopp\u00e9 \u00e7a\u00a0\u00bb, s\u2019est-il \u00e9tonn\u00e9, avant d&rsquo;en dire plus sur les conditions dans lesquelles il avait enregistr\u00e9 ce titre m\u00e9connu en France et dont il garde un mauvais souvenir. \u00ab\u00a0\u00c7a m&rsquo;a traumatis\u00e9 pendant des mois parce que c&rsquo;est affreux. Non seulement ce n&rsquo;est pas mon registre, mais ce n&rsquo;est pas moi qui l&rsquo;ai compos\u00e9, Dieu merci. C&rsquo;est pour \u00e7a qu&rsquo;il n\u2019est pas dans mon r\u00e9sum\u00e9. \u00c7a m&rsquo;a traumatis\u00e9\u00a0\u00bb, a-t-il confi\u00e9. \u00c0 l&rsquo;\u00e9poque, David Hallyday \u00e9tait adolescent et d\u00e9butait sa carri\u00e8re dans la musique. \u00ab\u00a0Je jouais d\u00e9j\u00e0 avec mes potes le top 40 du rock et on m&rsquo;envoie l\u00e0-bas pour sortir ce single qu&rsquo;on me fait enregistrer. On me dit : &lsquo;Tu vas voir, c&rsquo;est g\u00e9nial !&rsquo; J&rsquo;avais 15 ans. Je chante le truc et je me dis : &lsquo;C&rsquo;est pas possible, je vais me faire d\u00e9foncer'\u00a0\u00bb, a-t-il racont\u00e9.<\/p>\n<p>                        David Hallyday se souvient de ses d\u00e9buts au Japon<\/p>\n<p>Au Japon, David Hallyday avait \u00e9galement chant\u00e9 dans un supermarch\u00e9 de Tokyo. Une autre exp\u00e9rience dont il se serait bien pass\u00e9. \u00ab\u00a0C&rsquo;\u00e9tait bizarre parce que j&rsquo;avais l&rsquo;impression que c&rsquo;\u00e9tait un truc fait \u00e0 l&rsquo;arrache. Il y avait une esp\u00e8ce de billboard derri\u00e8re moi avec une photo naze de l&rsquo;\u00e9poque. Ils aimaient bien les franges, il fallait avoir une frange l\u00e0-bas. Je me suis dit : &lsquo;Si c&rsquo;est \u00e7a, je vais faire un autre m\u00e9tier'\u00a0\u00bb, s&rsquo;est souvenu l\u2019artiste, qui a finalement pr\u00e9f\u00e9r\u00e9 pers\u00e9v\u00e9rer.<\/p>\n","protected":false},"excerpt":{"rendered":"Ce samedi 6 d\u00e9cembre, \u00c9ric Dussart re\u00e7oit David Hallyday dans On refait la t\u00e9l\u00e9 sur RTL \u00e0 11h30.&hellip;\n","protected":false},"author":2,"featured_media":580771,"comment_status":"","ping_status":"","sticky":false,"template":"","format":"standard","meta":{"footnotes":""},"categories":[1355],"tags":[244,1300,58,59,1011,27,1361,873,11887,2700],"class_list":{"0":"post-580770","1":"post","2":"type-post","3":"status-publish","4":"format-standard","5":"has-post-thumbnail","7":"category-musique","8":"tag-commentaire","9":"tag-david-hallyday","10":"tag-divertissement","11":"tag-entertainment","12":"tag-fr","13":"tag-france","14":"tag-music","15":"tag-musique","16":"tag-on-refait-la-tu00e9lu00e9","17":"tag-rtl"},"share_on_mastodon":{"url":"https:\/\/pubeurope.com\/@fr\/115669217092165302","error":""},"_links":{"self":[{"href":"https:\/\/www.europesays.com\/fr\/wp-json\/wp\/v2\/posts\/580770","targetHints":{"allow":["GET"]}}],"collection":[{"href":"https:\/\/www.europesays.com\/fr\/wp-json\/wp\/v2\/posts"}],"about":[{"href":"https:\/\/www.europesays.com\/fr\/wp-json\/wp\/v2\/types\/post"}],"author":[{"embeddable":true,"href":"https:\/\/www.europesays.com\/fr\/wp-json\/wp\/v2\/users\/2"}],"replies":[{"embeddable":true,"href":"https:\/\/www.europesays.com\/fr\/wp-json\/wp\/v2\/comments?post=580770"}],"version-history":[{"count":0,"href":"https:\/\/www.europesays.com\/fr\/wp-json\/wp\/v2\/posts\/580770\/revisions"}],"wp:featuredmedia":[{"embeddable":true,"href":"https:\/\/www.europesays.com\/fr\/wp-json\/wp\/v2\/media\/580771"}],"wp:attachment":[{"href":"https:\/\/www.europesays.com\/fr\/wp-json\/wp\/v2\/media?parent=580770"}],"wp:term":[{"taxonomy":"category","embeddable":true,"href":"https:\/\/www.europesays.com\/fr\/wp-json\/wp\/v2\/categories?post=580770"},{"taxonomy":"post_tag","embeddable":true,"href":"https:\/\/www.europesays.com\/fr\/wp-json\/wp\/v2\/tags?post=580770"}],"curies":[{"name":"wp","href":"https:\/\/api.w.org\/{rel}","templated":true}]}}