{"id":580774,"date":"2025-12-05T22:03:17","date_gmt":"2025-12-05T22:03:17","guid":{"rendered":"https:\/\/www.europesays.com\/fr\/580774\/"},"modified":"2025-12-05T22:03:17","modified_gmt":"2025-12-05T22:03:17","slug":"covid-19-la-carte-des-departements-ou-le-virus-ne-circule-presque-plus","status":"publish","type":"post","link":"https:\/\/www.europesays.com\/fr\/580774\/","title":{"rendered":"Covid-19 : la carte des d\u00e9partements o\u00f9 le virus ne circule presque plus"},"content":{"rendered":"<p class=\"mb-4 text-lg md:leading-8 break-words\">Le Covid-19 ne devrait pas vous g\u00e2cher les f\u00eates de fin d&rsquo;ann\u00e9e, contrairement \u00e0 la grippe. Les indicateurs continuent d&rsquo;\u00eatre \u00e0 des niveaux tr\u00e8s faibles, indique <a data-i13n=\"cpos:1;pos:1\" href=\"https:\/\/www.santepubliquefrance.fr\/maladies-et-traumatismes\/maladies-et-infections-respiratoires\/grippe\/documents\/bulletin-national\/infections-respiratoires-aigues-grippe-bronchiolite-covid-19-.-bulletin-du-3-decembre-2025\" rel=\"nofollow noopener\" target=\"_blank\" data-ylk=\"slk:Sant\u00e9 Publique France;cpos:1;pos:1;elm:context_link;itc:0;sec:content-canvas\" class=\"link \">Sant\u00e9 Publique France<\/a> dans son bulletin hebdomadaire d\u00e9di\u00e9 aux infections respiratoires aig\u00fces (grippe, bronchiolite, Covid-19).<\/p>\n<p class=\"mb-4 text-lg md:leading-8 break-words\">Une faible circulation du Covid-19 qui se traduit dans les interventions de SOS M\u00e9decins. Le nombre d&rsquo;actes pour suspicion de Covid-19 \u00e9tait de 458, soit 0,5% des actes SOS M\u00e9decins, la m\u00eame proportion que la semaine pr\u00e9c\u00e9dente. \u00c0 titre de comparaison, la grippe repr\u00e9sente 6,9% des interventions SOS M\u00e9decins.<\/p>\n<p>0,1% des passages aux urgences li\u00e9s au Covid<\/p>\n<p class=\"mb-4 text-lg md:leading-8 break-words\">Chez les m\u00e9decins g\u00e9n\u00e9ralistes, le taux d&rsquo;incidence est estim\u00e9 \u00e0 10 cas pour 100 000 habitants. \u00c0 l&rsquo;h\u00f4pital aussi, les indicateurs sont \u00e0 des niveaux tr\u00e8s faibles. Le nombre de passages aux urgences pour suspicion de Covid-19 \u00e9tait de 529, soit 0,1% de l\u2019ensemble des passages, la m\u00eame proportion que la semaine pass\u00e9e.<\/p>\n<p class=\"mb-4 text-lg md:leading-8 break-words\">Comme vous pouvez le constater sur la carte ci-dessous, l&rsquo;ensemble du territoire est \u00e9pargn\u00e9, aucun d\u00e9partement n&rsquo;atteint 0,8% des cas de Covid dans les passages aux urgences. Seul un d\u00e9partement d\u00e9passe 0,5% des cas de Covid, la Creuse avec 0,76%.<\/p>\n<p>Des d\u00e9partements avec aucun cas de Covid aux urgences<\/p>\n<p class=\"mb-4 text-lg md:leading-8 break-words\">\u00c0 noter toutefois une l\u00e9g\u00e8re tendance \u00e0 la hausse mais \u00e0 un niveau faible de l&rsquo;indicateur de suivi du Covid-19 dans les eaux us\u00e9es, poursuit Sant\u00e9 Publique France.<\/p>\n<p class=\"mb-4 text-lg md:leading-8 break-words\">Comme vous pouvez le voir sur la carte ci-dessous, sur une semaine, quelques d\u00e9partements enregistrent une hausse importante comme les Ardennes, l&rsquo;Essonne, la Haute-Loire et la Haute-Garonne, avec une augmentation sup\u00e9rieure \u00e0 200%, mais \u00e0 des niveaux qui restent toutefois tr\u00e8s faibles.<\/p>\n<p class=\"mb-4 text-lg md:leading-8 break-words\">Dans plusieurs d\u00e9partements, les urgences de l&rsquo;h\u00f4pital n&rsquo;enregistrent plus de cas de Covid, comme la Sarthe, la Mayenne ou encore la Loire-Atlantique.<\/p>\n<p>La campagne de vaccination en cours jusqu&rsquo;\u00e0 fin janvier<\/p>\n<p class=\"mb-4 text-lg md:leading-8 break-words\">Depuis le 14 octobre et jusqu&rsquo;\u00e0 la fin janvier, la campagne de vaccination contre le Covid-19, mais aussi contre la grippe, a d\u00e9but\u00e9 et cible comme chaque ann\u00e9e les plus de 65 ans, mais aussi les personnes jug\u00e9es \u00e0 risque, dont font partie les personnes immuno-d\u00e9prim\u00e9es et les femmes enceintes.<\/p>\n<p class=\"mb-4 text-lg md:leading-8 break-words\">Pour b\u00e9n\u00e9ficier d&rsquo;une prise en charge totale par l&rsquo;Assurance maladie du vaccin contre le Covid-19, il faut pr\u00e9senter le courrier re\u00e7u \u00e0 son domicile. Au total, 19 millions de personnes sont concern\u00e9es par cette campagne de vaccination prise en charge \u00e0 100%, selon les estimations de l&rsquo;Assurance Maladie.<\/p>\n","protected":false},"excerpt":{"rendered":"Le Covid-19 ne devrait pas vous g\u00e2cher les f\u00eates de fin d&rsquo;ann\u00e9e, contrairement \u00e0 la grippe. Les indicateurs&hellip;\n","protected":false},"author":2,"featured_media":580775,"comment_status":"","ping_status":"","sticky":false,"template":"","format":"standard","meta":{"footnotes":""},"categories":[10],"tags":[4400,1011,27,72,62323,71,37885],"class_list":{"0":"post-580774","1":"post","2":"type-post","3":"status-publish","4":"format-standard","5":"has-post-thumbnail","7":"category-sante","8":"tag-covid","9":"tag-fr","10":"tag-france","11":"tag-health","12":"tag-la-grippe","13":"tag-sante","14":"tag-sos-medecins"},"share_on_mastodon":{"url":"https:\/\/pubeurope.com\/@fr\/115669225006038798","error":""},"_links":{"self":[{"href":"https:\/\/www.europesays.com\/fr\/wp-json\/wp\/v2\/posts\/580774","targetHints":{"allow":["GET"]}}],"collection":[{"href":"https:\/\/www.europesays.com\/fr\/wp-json\/wp\/v2\/posts"}],"about":[{"href":"https:\/\/www.europesays.com\/fr\/wp-json\/wp\/v2\/types\/post"}],"author":[{"embeddable":true,"href":"https:\/\/www.europesays.com\/fr\/wp-json\/wp\/v2\/users\/2"}],"replies":[{"embeddable":true,"href":"https:\/\/www.europesays.com\/fr\/wp-json\/wp\/v2\/comments?post=580774"}],"version-history":[{"count":0,"href":"https:\/\/www.europesays.com\/fr\/wp-json\/wp\/v2\/posts\/580774\/revisions"}],"wp:featuredmedia":[{"embeddable":true,"href":"https:\/\/www.europesays.com\/fr\/wp-json\/wp\/v2\/media\/580775"}],"wp:attachment":[{"href":"https:\/\/www.europesays.com\/fr\/wp-json\/wp\/v2\/media?parent=580774"}],"wp:term":[{"taxonomy":"category","embeddable":true,"href":"https:\/\/www.europesays.com\/fr\/wp-json\/wp\/v2\/categories?post=580774"},{"taxonomy":"post_tag","embeddable":true,"href":"https:\/\/www.europesays.com\/fr\/wp-json\/wp\/v2\/tags?post=580774"}],"curies":[{"name":"wp","href":"https:\/\/api.w.org\/{rel}","templated":true}]}}