{"id":580778,"date":"2025-12-05T22:05:14","date_gmt":"2025-12-05T22:05:14","guid":{"rendered":"https:\/\/www.europesays.com\/fr\/580778\/"},"modified":"2025-12-05T22:05:14","modified_gmt":"2025-12-05T22:05:14","slug":"pekin-express-finir-dans-la-chambre-du-monsieur-marianne-boit-un-peu-trop-et-fabien-lache-une-bombe","status":"publish","type":"post","link":"https:\/\/www.europesays.com\/fr\/580778\/","title":{"rendered":"P\u00e9kin Express : \u00ab\u00a0Finir dans la chambre du Monsieur&#8230;\u00a0\u00bb, Marianne boit (un peu) trop et Fabien l\u00e2che une bombe !"},"content":{"rendered":"<p>L&rsquo;\u00e9pisode de \u00ab\u00a0<a href=\"https:\/\/www.closermag.fr\/tv_tele_realite\/pekin_express\/pekin-express-quel-binome-a-ete-elimine-ce-28-novembre-3595842\" target=\"_blank\" rel=\"noopener\">P\u00e9kin<br \/>\nExpress<\/a>\u00a0\u00bb du 5 d\u00e9cembre 2025 est mouvement\u00e9. D&rsquo;abord parce que<br \/>\nc&rsquo;est la semaine des \u00e9quipes mix\u00e9es. Comme chaque ann\u00e9e, les<br \/>\nparticipants encore en lice se retrouvent \u00e0 intervertir leurs<br \/>\npartenaires pour poursuivre la course. Et cette ann\u00e9e, ceux de la<br \/>\n21\u00e8me saison ne sont pas en reste en d\u00e9couvrant cette nouvelle<br \/>\nr\u00e8gle. Pour certains c&rsquo;est la douche froide. \u00ab\u00a0Oh non\u00a0\u00bb<br \/>\ns&rsquo;exclame par exemple Nathalie en apprenant la nouvelle.<\/p>\n<p>Premi\u00e8re a avoir tir\u00e9 au sort le chiffre \u00ab\u00a01\u00a0\u00bb, Marianne choisi de<br \/>\npartir de son c\u00f4t\u00e9 avec Fabien. \u00ab\u00a0<strong>Mon choix c&rsquo;est par<br \/>\naffinit\u00e9, je m&rsquo;entends bien avec les marseillais, et un peu de<br \/>\nstrat\u00e9gie. Fabien est fort. Il peut m&rsquo;aider.<\/strong>\u00a0\u00bb<br \/>\nd\u00e9clare-t-elle. De quoi ravir le partenaire de Missak.<br \/>\n\u00ab\u00a0<strong>On aime bien rire, elle a la tchatche comme<br \/>\nmoi<\/strong>, en plus elle parle bien le Russe. Je suis content<br \/>\nqu&rsquo;elle m&rsquo;ait choisi.\u00a0\u00bb avoue Fabien. Et il ne va pas \u00eatre d\u00e9\u00e7u<br \/>\n!<\/p>\n<p>P\u00e9kin Express : Marianne boit un peu trop chez ses h\u00f4tes,<br \/>\nFabien l\u00e2che une bombe<\/p>\n<p>En effet, si l&rsquo;\u00e9pisode risque de rentrer dans les annales, c&rsquo;est<br \/>\naussi parce que Marianne et Fabien en font voir de toutes les<br \/>\ncouleurs \u00e0 leurs h\u00f4tes. Accueillis par un couple apr\u00e8s leur course<br \/>\nfolle, les deux candidats se laissent aller \u00e0 la f\u00eate et \u00e0 la<br \/>\nrigolade. Encourag\u00e9s par leurs h\u00f4tes \u00e0 boire quelques shots, ils se<br \/>\nlaissent rapidement emporter par l&rsquo;euphorie. \u00ab\u00a0<strong>Je ne<br \/>\nbois jamais, je vais mourir. Un verre pas deux.<\/strong>\u00a0\u00bb<br \/>\nbalance Marianne avant de finalement encha\u00eener les verres !<\/p>\n<p>De son c\u00f4t\u00e9, l&rsquo;h\u00f4te incite la jeune femme qui n&rsquo;est <a href=\"https:\/\/www.closermag.fr\/tv_tele_realite\/pekin_express\/pekin-express-la-route-des-glaces-marianne-est-elle-en-couple-3595850\" target=\"_blank\" rel=\"noopener\"><br \/>\npas en couple<\/a> \u00e0 boire d&rsquo;avantage et semble m\u00eame sous son<br \/>\ncharme&#8230; devant sa femme. \u00ab\u00a0<strong>Ce soir c&rsquo;est la f\u00eate !<br \/>\nJ&rsquo;en reprendrai bien un quatri\u00e8me !<\/strong>\u00a0\u00bb s&rsquo;exclame<br \/>\nMarianne. De quoi inciter Fabien \u00e0 l\u00e2cher une bombe :<br \/>\n\u00ab\u00a0<strong>Tu vas fini dans la chambre du<br \/>\nMonsieur&#8230;<\/strong>\u00a0\u00bb Face cam\u00e9ra, il confie ensuite :<br \/>\n\u00ab\u00a0J&rsquo;ai une partenaire un peu excentrique. Gr\u00e2ce \u00e0 elle on est<br \/>\nencore mieux accueilli. Elle met \u00e0 l&rsquo;aise tout le monde.\u00a0\u00bb<\/p>\n<p>P\u00e9kin Express : Marianne \u00e0 la recherche<br \/>\ndu grand amour<\/p>\n<p>A noter que depuis le d\u00e9but de l&rsquo;aventure, Marianne se d\u00e9marque<br \/>\npar son \u00e9nergie d\u00e9bordante mais aussi son indiff\u00e9rence face aux<br \/>\nregards des autres. Elle n&rsquo;h\u00e9site pas \u00e0 faire ce qui lui pla\u00eet et \u00e0<br \/>\ndraguer ouvertement. Dans l&rsquo;\u00e9pisode du vendredi 14 novembre 2025,<br \/>\nLy\u00e7aona, sa bin\u00f4me, subissait d&rsquo;ailleurs ses <a href=\"https:\/\/www.closermag.fr\/tv_tele_realite\/pekin-express-la-bouche-ouverte-lycaona-ultra-genee-par-sa-binome-qui-drague-en-pleine-course-3593259\" target=\"_blank\" rel=\"noopener\"><br \/>\nfrasques en pleine course<\/a>. \u00ab\u00a0<strong>Elle n&rsquo;en loupe pas une<br \/>\nd\u00e8s que c&rsquo;est un gars.<\/strong>\u00a0\u00bb balance Ly\u00e7aona. Alors,<br \/>\nMarianne parviendra-t-elle \u00e0 allier les sentiments au jeu ?<\/p>\n","protected":false},"excerpt":{"rendered":"L&rsquo;\u00e9pisode de \u00ab\u00a0P\u00e9kin Express\u00a0\u00bb du 5 d\u00e9cembre 2025 est mouvement\u00e9. D&rsquo;abord parce que c&rsquo;est la semaine des \u00e9quipes&hellip;\n","protected":false},"author":2,"featured_media":580779,"comment_status":"","ping_status":"","sticky":false,"template":"","format":"standard","meta":{"footnotes":""},"categories":[8],"tags":[21303,58,59,1011,27,65861],"class_list":{"0":"post-580778","1":"post","2":"type-post","3":"status-publish","4":"format-standard","5":"has-post-thumbnail","7":"category-divertissement","8":"tag-buzz_nonli","9":"tag-divertissement","10":"tag-entertainment","11":"tag-fr","12":"tag-france","13":"tag-trend"},"share_on_mastodon":{"url":"https:\/\/pubeurope.com\/@fr\/115669232972654303","error":""},"_links":{"self":[{"href":"https:\/\/www.europesays.com\/fr\/wp-json\/wp\/v2\/posts\/580778","targetHints":{"allow":["GET"]}}],"collection":[{"href":"https:\/\/www.europesays.com\/fr\/wp-json\/wp\/v2\/posts"}],"about":[{"href":"https:\/\/www.europesays.com\/fr\/wp-json\/wp\/v2\/types\/post"}],"author":[{"embeddable":true,"href":"https:\/\/www.europesays.com\/fr\/wp-json\/wp\/v2\/users\/2"}],"replies":[{"embeddable":true,"href":"https:\/\/www.europesays.com\/fr\/wp-json\/wp\/v2\/comments?post=580778"}],"version-history":[{"count":0,"href":"https:\/\/www.europesays.com\/fr\/wp-json\/wp\/v2\/posts\/580778\/revisions"}],"wp:featuredmedia":[{"embeddable":true,"href":"https:\/\/www.europesays.com\/fr\/wp-json\/wp\/v2\/media\/580779"}],"wp:attachment":[{"href":"https:\/\/www.europesays.com\/fr\/wp-json\/wp\/v2\/media?parent=580778"}],"wp:term":[{"taxonomy":"category","embeddable":true,"href":"https:\/\/www.europesays.com\/fr\/wp-json\/wp\/v2\/categories?post=580778"},{"taxonomy":"post_tag","embeddable":true,"href":"https:\/\/www.europesays.com\/fr\/wp-json\/wp\/v2\/tags?post=580778"}],"curies":[{"name":"wp","href":"https:\/\/api.w.org\/{rel}","templated":true}]}}