{"id":580782,"date":"2025-12-05T22:07:14","date_gmt":"2025-12-05T22:07:14","guid":{"rendered":"https:\/\/www.europesays.com\/fr\/580782\/"},"modified":"2025-12-05T22:07:14","modified_gmt":"2025-12-05T22:07:14","slug":"la-sphere-maga-en-ebullition-apres-cette-amende-colossale-de-lue-contre-x-le-huffpost","status":"publish","type":"post","link":"https:\/\/www.europesays.com\/fr\/580782\/","title":{"rendered":"La sph\u00e8re MAGA en \u00e9bullition apr\u00e8s cette amende colossale de l\u2019UE contre X &#8211; Le HuffPost"},"content":{"rendered":"<ol>\n<li><a href=\"https:\/\/news.google.com\/rss\/articles\/CBMi-gFBVV95cUxQQnk3dl81T0NiMUVWeVIwVm02UlZaalJhczhEZFdXdWdLeDV0MG44V0l3YndkV0NwS18zQmJqcHM2Z2pvRU1oOEVZZjRjUFo0WE5SLV9QTjk4T1RvdzgzWUx5TDRDWXJpUHBmWFRvYmNVb21TQW4zNmlRZTVhcUs1RXVKd0lFUzBEYkZXaXd2cXd5UVk1d3lkVHF0Vjd3UHBndThybGxoZ1dGQWgzcWllSy1oR3VLZFFidzBwdVgxSTVPdEhncHlFVmt0NUVxNlBncTFtMFpNMC14czZBVFZ0TVBZakxzYy1YTURhbjlmMUVtSE9xY2k3cWxn?oc=5\" target=\"_blank\" rel=\"noopener\">La sph\u00e8re MAGA en \u00e9bullition apr\u00e8s cette amende colossale de l\u2019UE contre X<\/a>&nbsp;&nbsp;Le HuffPost<\/li>\n<li><a href=\"https:\/\/news.google.com\/rss\/articles\/CBMivwFBVV95cUxOZFZEcU0wZHl4R2NyYjFKeUlaNWhPX0tHMmtlN2NCMTctN2F4QkVRejFXWnRHajJMM3RZZmsyaVF1S1dkT195YWFkdUtfMGRMbFV1OGJlbFVwZHB6Z2pXQ0hDNllpcWNEd2R6Tno2SzBfcmp5UUkxTlBYenFRYW9EUGtWTzNRc19oXy0wd0EySUJLTU5xLXcydHRhV0ZHMG5SUGhhWDZXYVFpM01WWGszLUd4dlY5V0p5SDk3Y0NQUQ?oc=5\" target=\"_blank\" rel=\"noopener\">En punissant mod\u00e9r\u00e9ment X, Bruxelles pr\u00e9serve l\u2019Ukraine<\/a>&nbsp;&nbsp;Le Point<\/li>\n<li><a href=\"https:\/\/news.google.com\/rss\/articles\/CBMisgJBVV95cUxPUjd6Sk5IMW1vSDNiZzdTcHJrLVpHcFBWNkpPSEQ4Yy1YblZEak5FQi1lTDlabWlxd05pRlVLUG1nZ2Qzd3RXR2cyOUtIcnNyRk5yamNGUlR0RmVaNlFudFpGRUtwMGJZMUFCV1VpdGgxNThnOGZiaHVmU1JzRHk0QVVqcnNBN04wTHRCOU5sSUVjOFEyazlkOFNhZ3FUby11dlg5ZUVhcjRlNHpJYk04NUNCajlzMUE4QUlrYWlEbzB0RDI1M1UzWkdWbkUzUDB0WFk3Vmp2UURKa2htSks0Z0xtRk5PbjdfQTFFNDQzVUJpcHM3SDBTWE1wN0pmanVmZnM0aWZvTDRqS0dOYUtaTTlOeGZGSW9sUm1tcTE4WWZab2FqekVtZENuc2NQVkQ5a0E?oc=5\" target=\"_blank\" rel=\"noopener\">Pour ne pas avoir respect\u00e9 le r\u00e8glement sur les services num\u00e9riques, X vient d&rsquo;\u00eatre condamn\u00e9 \u00e0 une amende de 120 millions d&rsquo;euros par l&rsquo;Union europ\u00e9enne<\/a>&nbsp;&nbsp;Actualit\u00e9s \u2013 Orange<\/li>\n<li><a href=\"https:\/\/news.google.com\/rss\/articles\/CBMixgFBVV95cUxPTFJaWWFCX01UVTRYcWZzWXhIR1E2cWV2MUlkQlFPZWZjVFVwamtoWjgzYURKR0lXM3pIMnljYV9nMEdtM3RicEY3YmVac2tqRXJpbmdxTzBEZy1KSXVWclZFRm5nZi1NbDM1QkRwNS14VGZYeGlrNzY5clIyeVh4UmRLTHJNS0MzTDlNZmZLU0h6dkpiSTRMTmdEaU8wcEFXcG1KQjVpX21VTUsxb2dvaENjQVVvZC1GLU1wQTZHS3VCcjhtVHc?oc=5\" target=\"_blank\" rel=\"noopener\">Bruxelles fait fi des attaques de J.D. Vance et sanctionne le r\u00e9seau social X d&rsquo;une amende de 120 millions<\/a>&nbsp;&nbsp;Les Echos<\/li>\n<li><a href=\"https:\/\/news.google.com\/rss\/articles\/CBMi0wFBVV95cUxOWjZmbDFqOG5tblJkejJ6cUhUVTRPNDJwRDcycDZERTBYY01tR2ExcU1KTnVzNXFrWk44VGg5QTlkUVE3TlE5OWxNa3hKc1dmMWoxbzhqalRVUlNOOVBodk5CTW1hMl9uVUxOcExXX2N2YktDb21MUnluRHdUV2dVa1diT3JaWkZ0UWxGSmh5dFVBbXBCeGJfNGN6UXkwSlJxb2dta1lGOThYMTY1RGFpd29pNFZELXM4UVVLcWRZMDd5bWRyVmVuSmx1d1J1YVlNU0FR?oc=5\" target=\"_blank\" rel=\"noopener\">La Commission europ\u00e9enne inflige une amende de 120 millions d\u2019euros au r\u00e9seau X<\/a>&nbsp;&nbsp;Le Monde.fr<\/li>\n<\/ol>\n","protected":false},"excerpt":{"rendered":"La sph\u00e8re MAGA en \u00e9bullition apr\u00e8s cette amende colossale de l\u2019UE contre X&nbsp;&nbsp;Le HuffPost En punissant mod\u00e9r\u00e9ment X,&hellip;\n","protected":false},"author":2,"featured_media":395849,"comment_status":"","ping_status":"","sticky":false,"template":"","format":"standard","meta":{"footnotes":""},"categories":[6],"tags":[35,33,34,1011,27],"class_list":{"0":"post-580782","1":"post","2":"type-post","3":"status-publish","4":"format-standard","5":"has-post-thumbnail","7":"category-economie","8":"tag-business","9":"tag-economie","10":"tag-economy","11":"tag-fr","12":"tag-france"},"share_on_mastodon":{"url":"https:\/\/pubeurope.com\/@fr\/115669240708344644","error":""},"_links":{"self":[{"href":"https:\/\/www.europesays.com\/fr\/wp-json\/wp\/v2\/posts\/580782","targetHints":{"allow":["GET"]}}],"collection":[{"href":"https:\/\/www.europesays.com\/fr\/wp-json\/wp\/v2\/posts"}],"about":[{"href":"https:\/\/www.europesays.com\/fr\/wp-json\/wp\/v2\/types\/post"}],"author":[{"embeddable":true,"href":"https:\/\/www.europesays.com\/fr\/wp-json\/wp\/v2\/users\/2"}],"replies":[{"embeddable":true,"href":"https:\/\/www.europesays.com\/fr\/wp-json\/wp\/v2\/comments?post=580782"}],"version-history":[{"count":0,"href":"https:\/\/www.europesays.com\/fr\/wp-json\/wp\/v2\/posts\/580782\/revisions"}],"wp:featuredmedia":[{"embeddable":true,"href":"https:\/\/www.europesays.com\/fr\/wp-json\/wp\/v2\/media\/395849"}],"wp:attachment":[{"href":"https:\/\/www.europesays.com\/fr\/wp-json\/wp\/v2\/media?parent=580782"}],"wp:term":[{"taxonomy":"category","embeddable":true,"href":"https:\/\/www.europesays.com\/fr\/wp-json\/wp\/v2\/categories?post=580782"},{"taxonomy":"post_tag","embeddable":true,"href":"https:\/\/www.europesays.com\/fr\/wp-json\/wp\/v2\/tags?post=580782"}],"curies":[{"name":"wp","href":"https:\/\/api.w.org\/{rel}","templated":true}]}}