{"id":580783,"date":"2025-12-05T22:08:28","date_gmt":"2025-12-05T22:08:28","guid":{"rendered":"https:\/\/www.europesays.com\/fr\/580783\/"},"modified":"2025-12-05T22:08:28","modified_gmt":"2025-12-05T22:08:28","slug":"flavio-bolsonaro-fils-aine-de-lancien-dirigeant-dechu-affirme-que-son-pere-la-designe-comme-son-successeur-politique","status":"publish","type":"post","link":"https:\/\/www.europesays.com\/fr\/580783\/","title":{"rendered":"Flavio Bolsonaro, fils a\u00een\u00e9 de l\u2019ancien dirigeant d\u00e9chu, affirme que son p\u00e8re l\u2019a d\u00e9sign\u00e9 comme son successeur politique"},"content":{"rendered":"<p>\n    \u00abC\u2019est avec une grande responsabilit\u00e9 que je confirme la d\u00e9cision du plus grand leader politique et moral du Br\u00e9sil, Jair Bolsonaro, de me confier la mission de donner suite \u00e0 notre projet pour la Nation\u00bb, a \u00e9crit sur X ce vendredi le s\u00e9nateur de 44 ans.<\/p>\n<p class=\"fig-paragraph\">Le s\u00e9nateur\u00a0<a href=\"https:\/\/www.lefigaro.fr\/international\/2019\/02\/01\/01003-20190201ARTFIG00198-flavio-bolsonaro-l-encombrant-fils-du-president-bresilien.php\" data-fig-type=\"Article\" data-gtm-custom-categorie=\"navigation\" data-gtm-custom-action=\"crossclick\" data-gtm-custom-label=\"Contextuel\" data-gtm-event=\"customEventSPE\" data-fig-domain=\"LEFIGARO\" target=\"_blank\" rel=\"noopener\">Flavio Bolsonaro<\/a>, fils de l\u2019ancien pr\u00e9sident br\u00e9silien Jair Bolsonaro, a d\u00e9clar\u00e9 vendredi que son p\u00e8re, qui purge une peine de<a href=\"http:\/\/www.lefigaro.fr\/international\/bresil-l-ex-president-bolsonaro-depose-un-recours-en-nullite-de-sa-condamnation-a-27-ans-de-prison-20251129\" data-fig-type=\"NewsFlash\" data-gtm-custom-categorie=\"navigation\" data-gtm-custom-action=\"crossclick\" data-gtm-custom-label=\"Contextuel\" data-gtm-event=\"customEventSPE\" data-fig-domain=\"LEFIGARO\" target=\"_blank\" rel=\"noopener\">\u00a027 ans de prison<\/a>\u00a0pour tentative de coup d\u2019\u00c9tat, l\u2019a d\u00e9sign\u00e9 comme son successeur politique, alors que la prochaine \u00e9lection pr\u00e9sidentielle se profile en octobre 2026. \u00abC\u2019est avec une grande responsabilit\u00e9 que je confirme la d\u00e9cision du plus grand leader politique et moral du Br\u00e9sil, Jair Bolsonaro, de me confier la mission de donner suite \u00e0 notre projet pour la Nation\u00bb, a \u00e9crit le fils a\u00een\u00e9 de l\u2019ancien dirigeant d\u2019extr\u00eame droite (2019-2022) sur le r\u00e9seau social X.<\/p>\n<p class=\"fig-paragraph\">Si sa candidature est confirm\u00e9e par le Parti Lib\u00e9ral, sa formation politique, Flavio Bolsonaro, 44 ans, devrait affronter le pr\u00e9sident actuel de gauche Luiz Inacio Lula da Silva. Ce dernier a confirm\u00e9 en octobre qu\u2019il briguerait un quatri\u00e8me mandat, apr\u00e8s un premier passage \u00e0 la fonction supr\u00eame de 2003 \u00e0 2010. \u00abJe ne vais pas rester les bras crois\u00e9s quand je vois l\u2019espoir des familles \u00eatre supprim\u00e9 et notre d\u00e9mocratie succomber (&#8230;) Je me place devant Dieu et devant le Br\u00e9sil pour remplir cette mission\u00bb, a ajout\u00e9 le s\u00e9nateur.<\/p>\n<p>                                            <a class=\"fig-a11y-skip\" href=\"#fig-a11y-skip-main-inarticle\" data-module=\"a11y-skip\" data-context=\"was @visible\"><br \/>\n    Passer la publicit\u00e9<br \/>\n<\/a>            <\/p>\n<p class=\"fig-paragraph\">Cette annonce intervient alors que l\u2019incertitude r\u00e9gnait dans le plus grand pays d\u2019Am\u00e9rique Latine sur le repr\u00e9sentant du camp conservateur au scrutin de 2026, en l\u2019absence de Jair Bolsonaro, incarc\u00e9r\u00e9 depuis fin novembre et in\u00e9ligible. Le gouverneur de l\u2019\u00c9tat de S\u00e3o Paulo, Tarcisio de Freitas, et l\u2019ancienne Premi\u00e8re dame Michelle Bolsonaro \u00e9taient \u00e9galement pressentis.<\/p>\n<p>                                            Trois autres fils \u00e9galement en politique<\/p>\n<p class=\"fig-paragraph\">L\u2019ex-pr\u00e9sident a \u00e9galement trois autres fils ayant embrass\u00e9 la carri\u00e8re politique. L\u2019un d\u2019entre eux, le d\u00e9put\u00e9 Eduardo Bolsonaro, est install\u00e9 depuis plusieurs mois aux \u00c9tats-Unis, o\u00f9 il m\u00e8ne une campagne de lobbying aupr\u00e8s de l\u2019administration Trump pour interc\u00e9der en faveur de son p\u00e8re.<\/p>\n<p class=\"fig-paragraph\">Ses deux autres fils, Carlos et Jair Renan, sont conseillers municipaux. Jair Bolsonaro, 70 ans, a \u00e9t\u00e9 condamn\u00e9 en septembre \u00e0 27 ans de r\u00e9clusion pour tentative de coup d\u2019\u00c9tat. La Cour supr\u00eame l\u2019a reconnu coupable d\u2019avoir conspir\u00e9 pour se maintenir au pouvoir \u00abde fa\u00e7on autoritaire\u00bb quel que soit le r\u00e9sultat de l\u2019\u00e9lection de 2022, qu\u2019il a finalement perdu au second tour face \u00e0 Lula.<\/p>\n<p class=\"fig-paragraph\">Assign\u00e9 \u00e0 r\u00e9sidence en ao\u00fbt, il est incarc\u00e9r\u00e9 depuis le 22 novembre dans les locaux de la Police f\u00e9d\u00e9rale de Brasilia apr\u00e8s avoir tent\u00e9 de br\u00fbler son bracelet \u00e9lectronique avec un fer \u00e0 souder. Ses avocats ont demand\u00e9 \u00e0 ce qu\u2019il retourne \u00e0 son domicile pour purger sa peine, en raison de sa sant\u00e9 fragile. Bolsonaro souffre notamment des s\u00e9quelles d\u2019un attentat \u00e0 l\u2019arme blanche subi en 2018, qui lui a valu plusieurs lourdes op\u00e9rations. Il a \u00e9galement \u00e9t\u00e9 diagnostiqu\u00e9 r\u00e9cemment d\u2019un cancer de la peau.<\/p>\n","protected":false},"excerpt":{"rendered":"\u00abC\u2019est avec une grande responsabilit\u00e9 que je confirme la d\u00e9cision du plus grand leader politique et moral du&hellip;\n","protected":false},"author":2,"featured_media":580784,"comment_status":"","ping_status":"","sticky":false,"template":"","format":"standard","meta":{"footnotes":""},"categories":[5],"tags":[11,2548,1011,27,14,35977,12,28],"class_list":{"0":"post-580783","1":"post","2":"type-post","3":"status-publish","4":"format-standard","5":"has-post-thumbnail","7":"category-international","8":"tag-actualites","9":"tag-bresil","10":"tag-fr","11":"tag-france","12":"tag-international","13":"tag-jair-bolsonaro","14":"tag-news","15":"tag-world"},"share_on_mastodon":{"url":"https:\/\/pubeurope.com\/@fr\/115669244525709769","error":""},"_links":{"self":[{"href":"https:\/\/www.europesays.com\/fr\/wp-json\/wp\/v2\/posts\/580783","targetHints":{"allow":["GET"]}}],"collection":[{"href":"https:\/\/www.europesays.com\/fr\/wp-json\/wp\/v2\/posts"}],"about":[{"href":"https:\/\/www.europesays.com\/fr\/wp-json\/wp\/v2\/types\/post"}],"author":[{"embeddable":true,"href":"https:\/\/www.europesays.com\/fr\/wp-json\/wp\/v2\/users\/2"}],"replies":[{"embeddable":true,"href":"https:\/\/www.europesays.com\/fr\/wp-json\/wp\/v2\/comments?post=580783"}],"version-history":[{"count":0,"href":"https:\/\/www.europesays.com\/fr\/wp-json\/wp\/v2\/posts\/580783\/revisions"}],"wp:featuredmedia":[{"embeddable":true,"href":"https:\/\/www.europesays.com\/fr\/wp-json\/wp\/v2\/media\/580784"}],"wp:attachment":[{"href":"https:\/\/www.europesays.com\/fr\/wp-json\/wp\/v2\/media?parent=580783"}],"wp:term":[{"taxonomy":"category","embeddable":true,"href":"https:\/\/www.europesays.com\/fr\/wp-json\/wp\/v2\/categories?post=580783"},{"taxonomy":"post_tag","embeddable":true,"href":"https:\/\/www.europesays.com\/fr\/wp-json\/wp\/v2\/tags?post=580783"}],"curies":[{"name":"wp","href":"https:\/\/api.w.org\/{rel}","templated":true}]}}